{"id":1006,"date":"2025-06-08T08:05:39","date_gmt":"2025-06-08T11:05:39","guid":{"rendered":"https:\/\/artigosdiarios.com.br\/?p=1006"},"modified":"2025-06-08T08:05:42","modified_gmt":"2025-06-08T11:05:42","slug":"como-melhorar-a-acustica-de-um-pequeno-apartamento","status":"publish","type":"post","link":"https:\/\/artigosdiarios.com.br\/en\/como-melhorar-a-acustica-de-um-pequeno-apartamento\/","title":{"rendered":"Como melhorar a ac\u00fastica de um pequeno apartamento?"},"content":{"rendered":"<p>Viver em um apartamento pequeno traz muitos benef\u00edcios: praticidade, menos manuten\u00e7\u00e3o e um estilo de vida mais funcional. <\/p>\n\n\n\n<p>No entanto, um dos desafios mais comuns nesse tipo de espa\u00e7o \u00e9 o <strong>isolamento ac\u00fastico<\/strong>. <\/p>\n\n\n\n<p>Com vizinhos pr\u00f3ximos, paredes finas e pouca divis\u00e3o entre os c\u00f4modos, o som se propaga com facilidade, gerando desconforto tanto para quem mora quanto para quem vive ao redor.<\/p>\n\n\n\n<p>Mas a boa not\u00edcia \u00e9 que, com algumas estrat\u00e9gias inteligentes e acess\u00edveis, \u00e9 poss\u00edvel melhorar significativamente a ac\u00fastica do seu lar  sem necessidade de grandes reformas ou altos investimentos.<\/p>\n\n\n\n<h2 class=\"wp-block-heading\">\ud83d\udd0a O que afeta a ac\u00fastica em ambientes compactos?<\/h2>\n\n\n\n<p>Antes de partir para as solu\u00e7\u00f5es, \u00e9 importante entender o que provoca a m\u00e1 ac\u00fastica:<\/p>\n\n\n\n<ul class=\"wp-block-list\">\n<li><strong>Reverbera\u00e7\u00e3o do som:<\/strong> Ambientes com muitos materiais duros (como vidro, cer\u00e2mica ou paredes nuas) tendem a refletir sons em vez de absorv\u00ea-los.<\/li>\n\n\n\n<li><strong>Transmiss\u00e3o entre c\u00f4modos e apartamentos:<\/strong> Sons passam facilmente por paredes e pisos finos.<\/li>\n\n\n\n<li><strong>Falta de barreiras f\u00edsicas:<\/strong> Em apartamentos pequenos e integrados, o som se espalha com mais facilidade por todos os c\u00f4modos.<\/li>\n\n\n\n<li><strong>Ru\u00eddos externos:<\/strong> Tr\u00e2nsito, obras, vizinhos ou \u00e1reas comuns podem impactar diretamente o conforto sonoro do apartamento.<\/li>\n<\/ul>\n\n\n\n<h2 class=\"wp-block-heading\">\ud83e\uddf1 Materiais que absorvem som: aliados da tranquilidade<\/h2>\n\n\n\n<p>Para combater o excesso de ru\u00eddos e ecos, o segredo est\u00e1 em <strong>usar superf\u00edcies e elementos que absorvem as ondas sonoras<\/strong>, em vez de refletirem.<\/p>\n\n\n\n<h3 class=\"wp-block-heading\">\u2705 Materiais recomendados:<\/h3>\n\n\n\n<ul class=\"wp-block-list\">\n<li><strong>Espumas ac\u00fasticas<\/strong> (\ud83e\udde9): perfeitas para est\u00fadios e ambientes com muito eco.<\/li>\n\n\n\n<li><strong>Tecidos grossos<\/strong> (\ud83d\udecb\ufe0f): cortinas, tapetes felpudos e estofados absorvem boa parte das ondas sonoras.<\/li>\n\n\n\n<li><strong>Pain\u00e9is de madeira perfurada<\/strong> (\ud83c\udf32): al\u00e9m de bonitos, funcionam muito bem como difusores ac\u00fasticos.<\/li>\n\n\n\n<li><strong>Plantas grandes<\/strong> (\ud83c\udf3f): funcionam como &#8220;paredes verdes&#8221;, bloqueando sons e ainda decoram o espa\u00e7o.<\/li>\n<\/ul>\n\n\n\n<p>\ud83d\udd17 <em>Quer conhecer materiais certificados? Veja op\u00e7\u00f5es no site da <a href=\"https:\/\/www.sonex.com.br\" target=\"_blank\" rel=\"noreferrer noopener\">Sonex Brasil<\/a><\/em><\/p>\n\n\n\n<h2 class=\"wp-block-heading\">\ud83e\ude9f Dicas pr\u00e1ticas para melhorar a ac\u00fastica sem reforma<\/h2>\n\n\n\n<h3 class=\"wp-block-heading\">1. Aposte em cortinas grossas e longas<\/h3>\n\n\n\n<p>As cortinas blackout, feitas com tecidos espessos, ajudam a barrar o som externo e a diminuir o eco dentro do c\u00f4modo. <\/p>\n\n\n\n<p>D\u00ea prefer\u00eancia a modelos que v\u00e3o do teto ao ch\u00e3o e cubram completamente a janela.<\/p>\n\n\n\n<p>\ud83d\udca1 <em>Dica extra:<\/em> Instale um trilho de cortina um pouco maior que a largura da janela para bloquear melhor os sons laterais.<\/p>\n\n\n\n<h3 class=\"wp-block-heading\">2. Tapetes: um amortecedor de ru\u00eddos<\/h3>\n\n\n\n<p>Tapetes s\u00e3o \u00f3timos aliados, principalmente em pisos frios. <\/p>\n\n\n\n<p>Eles absorvem os passos, abafam barulhos e evitam que sons reverberem no ambiente.<\/p>\n\n\n\n<p>\ud83e\uddf6 <em>Quanto mais felpudo, melhor a absor\u00e7\u00e3o.<\/em><\/p>\n\n\n\n<h3 class=\"wp-block-heading\">3. Almofadas, pufes e estofados<\/h3>\n\n\n\n<p>M\u00f3veis estofados em tecido ajudam a suavizar a reverbera\u00e7\u00e3o. <\/p>\n\n\n\n<p>Use e abuse de almofadas, pufes e cadeiras com revestimentos macios.<\/p>\n\n\n\n<p>\ud83e\ude91 <em>Estofados com espuma densa t\u00eam melhor desempenho ac\u00fastico.<\/em><\/p>\n\n\n\n<h3 class=\"wp-block-heading\">4. Quadros com tecido ou pain\u00e9is de absor\u00e7\u00e3o<\/h3>\n\n\n\n<p>Al\u00e9m de decorativos, quadros feitos com tecido ou placas de l\u00e3 de PET (material recicl\u00e1vel) ajudam a controlar o som de forma elegante. <\/p>\n\n\n\n<p>Voc\u00ea pode fazer ou comprar sob medida.<\/p>\n\n\n\n<p>\ud83c\udfa8 <em>Pain\u00e9is de arte ac\u00fastica combinam design e fun\u00e7\u00e3o.<\/em><\/p>\n\n\n\n<h3 class=\"wp-block-heading\">5. Plantas: verdes e silenciosas<\/h3>\n\n\n\n<p>Plantas como <strong>jiboias<\/strong>, <strong>palmeiras-bambu<\/strong> e <strong>costelas-de-ad\u00e3o<\/strong> criam barreiras naturais que filtram ru\u00eddos, especialmente quando posicionadas pr\u00f3ximas a janelas ou paredes divis\u00f3rias.<\/p>\n\n\n\n<p>\ud83c\udf3f <em>Monte um \u201cjardim vertical\u201d para reduzir sons vindos de fora.<\/em><\/p>\n\n\n\n<figure class=\"wp-block-image size-full\"><img data-recalc-dims=\"1\" fetchpriority=\"high\" decoding=\"async\" width=\"600\" height=\"400\" src=\"https:\/\/i0.wp.com\/artigosdiarios.com.br\/wp-content\/uploads\/2025\/06\/Design-sem-nome-25.jpg?resize=600%2C400&#038;ssl=1\" alt=\"Como melhorar a ac\u00fastica de um pequeno apartamento\" class=\"wp-image-1008\" srcset=\"https:\/\/i0.wp.com\/artigosdiarios.com.br\/wp-content\/uploads\/2025\/06\/Design-sem-nome-25.jpg?w=600&amp;ssl=1 600w, https:\/\/i0.wp.com\/artigosdiarios.com.br\/wp-content\/uploads\/2025\/06\/Design-sem-nome-25.jpg?resize=300%2C200&amp;ssl=1 300w, https:\/\/i0.wp.com\/artigosdiarios.com.br\/wp-content\/uploads\/2025\/06\/Design-sem-nome-25.jpg?resize=18%2C12&amp;ssl=1 18w, https:\/\/i0.wp.com\/artigosdiarios.com.br\/wp-content\/uploads\/2025\/06\/Design-sem-nome-25.jpg?resize=150%2C100&amp;ssl=1 150w, https:\/\/i0.wp.com\/artigosdiarios.com.br\/wp-content\/uploads\/2025\/06\/Design-sem-nome-25.jpg?resize=330%2C220&amp;ssl=1 330w, https:\/\/i0.wp.com\/artigosdiarios.com.br\/wp-content\/uploads\/2025\/06\/Design-sem-nome-25.jpg?resize=420%2C280&amp;ssl=1 420w, https:\/\/i0.wp.com\/artigosdiarios.com.br\/wp-content\/uploads\/2025\/06\/Design-sem-nome-25.jpg?resize=510%2C340&amp;ssl=1 510w\" sizes=\"(max-width: 600px) 100vw, 600px\" \/><\/figure>\n\n\n\n<h2 class=\"wp-block-heading\">\ud83d\udeaa Ambientes integrados: como separar sem isolar?<\/h2>\n\n\n\n<p>Em apartamentos pequenos, \u00e9 comum ter a sala integrada com a cozinha ou o quarto com o home office. Mas isso pode prejudicar a ac\u00fastica. A solu\u00e7\u00e3o \u00e9 criar divis\u00f5es visuais e sonoras leves:<\/p>\n\n\n\n<h3 class=\"wp-block-heading\">\ud83e\ude9e Biombos com tecido ou madeira<\/h3>\n\n\n\n<p>Eles funcionam como pequenas paredes m\u00f3veis que absorvem parte do som e ainda decoram.<\/p>\n\n\n\n<h3 class=\"wp-block-heading\">\ud83d\udeaa Portas de correr com veda\u00e7\u00e3o<\/h3>\n\n\n\n<p>Modelos de correr com sistema de veda\u00e7\u00e3o inferior ajudam a conter ru\u00eddos e delimitam espa\u00e7os.<\/p>\n\n\n\n<h3 class=\"wp-block-heading\">\ud83e\uddf5 Cortinas divis\u00f3rias<\/h3>\n\n\n\n<p>Uma alternativa econ\u00f4mica para dividir ambientes \u00e9 utilizar <a href=\"https:\/\/artigosdiarios.com.br\/en\/como-utilizar-as-cortinas-em-ambientes-diversos\/\" target=\"_blank\" rel=\"noreferrer noopener\">cortinas<\/a> grossas, fixadas no teto, que servem como barreiras ac\u00fasticas.<\/p>\n\n\n\n<h2 class=\"wp-block-heading\">\ud83d\udd27 Passo a passo para aplicar melhorias ac\u00fasticas<\/h2>\n\n\n\n<h3 class=\"wp-block-heading\">Etapa 1: Diagn\u00f3stico<\/h3>\n\n\n\n<p>Observe os locais onde o som mais incomoda:<\/p>\n\n\n\n<ul class=\"wp-block-list\">\n<li>Vem de fora (rua)?<\/li>\n\n\n\n<li>\u00c9 interno (eco, TV alta, vizinhos)?<\/li>\n\n\n\n<li>Se espalha de um c\u00f4modo para o outro?<\/li>\n<\/ul>\n\n\n\n<p>\ud83d\udccb Fa\u00e7a anota\u00e7\u00f5es por hor\u00e1rio e tipo de ru\u00eddo.<\/p>\n\n\n\n<h3 class=\"wp-block-heading\">Etapa 2: Planejamento<\/h3>\n\n\n\n<ul class=\"wp-block-list\">\n<li>Defina o que voc\u00ea deseja <strong>bloquear<\/strong> (ru\u00eddo externo), <strong>absorver<\/strong> (eco interno) ou <strong>conter<\/strong> (evitar que o som se espalhe).<\/li>\n\n\n\n<li>Escolha solu\u00e7\u00f5es compat\u00edveis com seu espa\u00e7o e or\u00e7amento.<\/li>\n<\/ul>\n\n\n\n<p>\ud83d\udcd0 <em>Dica:<\/em> Medidas simples e combinadas s\u00e3o mais eficientes do que uma \u00fanica interven\u00e7\u00e3o cara.<\/p>\n\n\n\n<h3 class=\"wp-block-heading\">Etapa 3: A\u00e7\u00e3o por c\u00f4modo<\/h3>\n\n\n\n<h4 class=\"wp-block-heading\">Sala de estar:<\/h4>\n\n\n\n<ul class=\"wp-block-list\">\n<li>Tapetes grandes, sof\u00e1 com tecido, cortinas pesadas.<\/li>\n\n\n\n<li>Quadros ou estantes com livros ajudam a abafar o som.<\/li>\n<\/ul>\n\n\n\n<h4 class=\"wp-block-heading\">Quarto:<\/h4>\n\n\n\n<ul class=\"wp-block-list\">\n<li>Cabeceira estofada na cama.<\/li>\n\n\n\n<li>Blackout nas janelas.<\/li>\n\n\n\n<li>Roupeiros e arm\u00e1rios encostados nas paredes externas funcionam como barreira ac\u00fastica.<\/li>\n<\/ul>\n\n\n\n<h4 class=\"wp-block-heading\">Cozinha:<\/h4>\n\n\n\n<ul class=\"wp-block-list\">\n<li>Coloque mantas sob eletrodom\u00e9sticos que vibram.<\/li>\n\n\n\n<li>Tapetes de borracha ajudam a reduzir ru\u00eddos met\u00e1licos.<\/li>\n<\/ul>\n\n\n\n<h4 class=\"wp-block-heading\">Home office:<\/h4>\n\n\n\n<ul class=\"wp-block-list\">\n<li>Pain\u00e9is ac\u00fasticos nas paredes.<\/li>\n\n\n\n<li>Fones com cancelamento de ru\u00eddo.<\/li>\n\n\n\n<li>Cortinas duplas na janela.<\/li>\n<\/ul>\n\n\n\n<h3 class=\"wp-block-heading\">Etapa 4: Teste e ajuste<\/h3>\n\n\n\n<p>Ap\u00f3s cada mudan\u00e7a, fa\u00e7a testes:<\/p>\n\n\n\n<ul class=\"wp-block-list\">\n<li>Ligue o som da TV e avalie se ecoa.<\/li>\n\n\n\n<li>Fale em voz alta e ou\u00e7a como o som se propaga.<\/li>\n\n\n\n<li>Pe\u00e7a a algu\u00e9m do lado de fora do c\u00f4modo para ouvir poss\u00edveis vazamentos.<\/li>\n<\/ul>\n\n\n\n<p>\ud83d\udd01 Ajuste os pontos fracos com mais camadas, como outra cortina ou tapete.<\/p>\n\n\n\n<h2 class=\"wp-block-heading\">\ud83e\udde0 Truques extras para resultados ainda melhores<\/h2>\n\n\n\n<ul class=\"wp-block-list\">\n<li>Use <strong>fitas de veda\u00e7\u00e3o<\/strong> em portas e janelas para bloquear frestas.<\/li>\n\n\n\n<li>Troque <strong>l\u00e2mpadas fluorescentes<\/strong> por LED (mais silenciosas).<\/li>\n\n\n\n<li>Evite <strong>paredes completamente nuas<\/strong>, que amplificam sons.<\/li>\n\n\n\n<li>Use <strong>pain\u00e9is ac\u00fasticos adesivos<\/strong> em pontos estrat\u00e9gicos.<\/li>\n<\/ul>\n\n\n\n<p>Vamos fazer um comparativo elegante com uma pitada de humor porque at\u00e9 o som adora uma boa piada entre um apartamento que adota materiais ac\u00fasticos recomendados e outro que vive no modo \u201ceco livre\u201d.<\/p>\n\n\n\n<h3 class=\"wp-block-heading\">\ud83c\udfad Apartamento 1: Com materiais ac\u00fasticos<\/h3>\n\n\n\n<p>\ud83d\udecb\ufe0f <em>Tamb\u00e9m conhecido como: &#8220;O\u00e1sis urbano do sil\u00eancio&#8221;<\/em><\/p>\n\n\n\n<figure class=\"wp-block-table\"><table class=\"has-fixed-layout\"><thead><tr><th class=\"has-text-align-center\" data-align=\"center\">Elemento<\/th><th class=\"has-text-align-center\" data-align=\"center\">Presen\u00e7a no ambiente<\/th><th class=\"has-text-align-center\" data-align=\"center\">Efeito na ac\u00fastica<\/th><\/tr><\/thead><tbody><tr><td class=\"has-text-align-center\" data-align=\"center\"><strong>Cortinas blackout<\/strong><\/td><td class=\"has-text-align-center\" data-align=\"center\">Sim<\/td><td class=\"has-text-align-center\" data-align=\"center\">Bloqueiam ru\u00eddos externos e abafam o som interno.<\/td><\/tr><tr><td class=\"has-text-align-center\" data-align=\"center\"><strong>Tapetes felpudos<\/strong><\/td><td class=\"has-text-align-center\" data-align=\"center\">Sim<\/td><td class=\"has-text-align-center\" data-align=\"center\">Reduzem o impacto de passos e a reverbera\u00e7\u00e3o sonora.<\/td><\/tr><tr><td class=\"has-text-align-center\" data-align=\"center\"><strong>Pain\u00e9is ac\u00fasticos<\/strong><\/td><td class=\"has-text-align-center\" data-align=\"center\">Sim<\/td><td class=\"has-text-align-center\" data-align=\"center\">Absorvem frequ\u00eancias m\u00e9dias e altas, suavizando o som ambiente.<\/td><\/tr><tr><td class=\"has-text-align-center\" data-align=\"center\"><strong>Estofados e almofadas<\/strong><\/td><td class=\"has-text-align-center\" data-align=\"center\">Sim<\/td><td class=\"has-text-align-center\" data-align=\"center\">Amortecem ru\u00eddos e tornam o ambiente mais aconchegante (inclusive para discuss\u00f5es acaloradas sobre s\u00e9ries da Netflix).<\/td><\/tr><tr><td class=\"has-text-align-center\" data-align=\"center\"><strong>Plantas grandes<\/strong><\/td><td class=\"has-text-align-center\" data-align=\"center\">Sim<\/td><td class=\"has-text-align-center\" data-align=\"center\">Filtram o som com classe e ainda purificam o ar.<\/td><\/tr><tr><td class=\"has-text-align-center\" data-align=\"center\"><strong>Portas vedadas<\/strong><\/td><td class=\"has-text-align-center\" data-align=\"center\">Sim<\/td><td class=\"has-text-align-center\" data-align=\"center\">Cont\u00eam ru\u00eddos entre c\u00f4modos. At\u00e9 o espirro do vizinho vira mist\u00e9rio.<\/td><\/tr><\/tbody><\/table><\/figure>\n\n\n\n<p>\ud83d\udcc8 <strong>Resultado ac\u00fastico<\/strong>: Ambiente confort\u00e1vel, com m\u00ednima reverbera\u00e7\u00e3o e excelente conten\u00e7\u00e3o sonora. Ideal para home office, medita\u00e7\u00e3o ou sess\u00f5es secretas de karaok\u00ea.<\/p>\n\n\n\n<h3 class=\"wp-block-heading\">\ud83c\udfad Apartamento 2: Sem materiais ac\u00fasticos<\/h3>\n\n\n\n<p>\ud83d\udd0a <em>Codinome: \u201cCaverna do eco\u201d<\/em><\/p>\n\n\n\n<figure class=\"wp-block-table\"><table class=\"has-fixed-layout\"><thead><tr><th class=\"has-text-align-center\" data-align=\"center\">Elemento<\/th><th class=\"has-text-align-center\" data-align=\"center\">Presen\u00e7a no ambiente<\/th><th>Efeito na ac\u00fastica<\/th><\/tr><\/thead><tbody><tr><td class=\"has-text-align-center\" data-align=\"center\"><strong>Cortinas de voil fino<\/strong><\/td><td class=\"has-text-align-center\" data-align=\"center\">Sim (infelizmente)<\/td><td>Enfeitam, mas n\u00e3o bloqueiam som algum. O barulho do \u00f4nibus parece estar na sala.<\/td><\/tr><tr><td class=\"has-text-align-center\" data-align=\"center\"><strong>Ch\u00e3o de porcelanato sem tapete<\/strong><\/td><td class=\"has-text-align-center\" data-align=\"center\">Sim<\/td><td>Transforma cada passo em um trov\u00e3o dom\u00e9stico. Saltos altos s\u00e3o o novo despertador.<\/td><\/tr><tr><td class=\"has-text-align-center\" data-align=\"center\"><strong>Paredes peladas<\/strong><\/td><td class=\"has-text-align-center\" data-align=\"center\">Sim<\/td><td>O som bate e volta como se estivesse brincando de pingue-pongue.<\/td><\/tr><tr><td class=\"has-text-align-center\" data-align=\"center\"><strong>M\u00f3veis de madeira e vidro<\/strong><\/td><td class=\"has-text-align-center\" data-align=\"center\">Sim<\/td><td>Refletem som com orgulho. \u00c9 quase um show de audit\u00f3rio.<\/td><\/tr><tr><td class=\"has-text-align-center\" data-align=\"center\"><strong>Sem veda\u00e7\u00e3o nas janelas<\/strong><\/td><td class=\"has-text-align-center\" data-align=\"center\">Sim<\/td><td>Cada buzina vira protagonista no filme da sua vida.<\/td><\/tr><tr><td class=\"has-text-align-center\" data-align=\"center\"><strong>Zero absor\u00e7\u00e3o<\/strong><\/td><td class=\"has-text-align-center\" data-align=\"center\">Sim<\/td><td>A casa inteira funciona como uma caixa de resson\u00e2ncia. Voc\u00ea grita \u201cOi\u201d e recebe \u201cOi, oi, oi\u2026\u201d de volta.<\/td><\/tr><\/tbody><\/table><\/figure>\n\n\n\n<p>\ud83d\udcc9 <strong>Resultado ac\u00fastico<\/strong>: Eco excessivo, ru\u00eddos externos invadindo o ambiente e propaga\u00e7\u00e3o de som entre c\u00f4modos. Ideal para quem quer ensaiar \u00f3pera ou irritar os vizinhos.<\/p>\n\n\n\n<h2 class=\"wp-block-heading\">\ud83d\udd07 O sil\u00eancio que transforma a experi\u00eancia<\/h2>\n\n\n\n<p>Cuidar da ac\u00fastica de um pequeno apartamento n\u00e3o \u00e9 luxo  \u00e9 qualidade de vida.<\/p>\n\n\n\n<p> O ambiente se torna mais confort\u00e1vel, produtivo e acolhedor. <\/p>\n\n\n\n<p>Seja para dormir melhor, trabalhar com foco ou simplesmente relaxar, cada escolha sonora bem pensada \u00e9 um passo em dire\u00e7\u00e3o ao bem-estar.<\/p>\n\n\n\n<p>Com pequenas mudan\u00e7as, feitas com criatividade e aten\u00e7\u00e3o, \u00e9 poss\u00edvel transformar um espa\u00e7o comum em um ref\u00fagio urbano silencioso e agrad\u00e1vel. <\/p>\n\n\n\n<p>Afinal, som tamb\u00e9m \u00e9 parte da decora\u00e7\u00e3o  e o sil\u00eancio, por vezes, \u00e9 a moldura perfeita.<\/p>\n\n\n\n<p>\ud83e\uddd8\u200d\u2642\ufe0f\ud83c\udfa7\ud83c\udfe1<\/p>","protected":false},"excerpt":{"rendered":"<p>Viver em um apartamento pequeno traz muitos benef\u00edcios: praticidade, menos manuten\u00e7\u00e3o e um estilo de vida mais funcional. No entanto, um dos desafios mais comuns nesse tipo de espa\u00e7o \u00e9 o isolamento ac\u00fastico. Com vizinhos pr\u00f3ximos, paredes finas e pouca divis\u00e3o entre os c\u00f4modos, o som se propaga com facilidade, gerando desconforto tanto para quem<\/p>","protected":false},"author":1,"featured_media":1007,"comment_status":"open","ping_status":"open","sticky":false,"template":"","format":"standard","meta":{"jetpack_post_was_ever_published":false,"_jetpack_newsletter_access":"","_jetpack_dont_email_post_to_subs":false,"_jetpack_newsletter_tier_id":0,"_jetpack_memberships_contains_paywalled_content":false,"_jetpack_memberships_contains_paid_content":false,"footnotes":"","jetpack_publicize_message":"","jetpack_publicize_feature_enabled":true,"jetpack_social_post_already_shared":true,"jetpack_social_options":{"image_generator_settings":{"template":"highway","default_image_id":0,"font":"","enabled":false},"version":2}},"categories":[1],"tags":[122],"class_list":["post-1006","post","type-post","status-publish","format-standard","has-post-thumbnail","hentry","category-diversos","tag-como-melhorar-a-acustica-de-um-pequeno-apartamento"],"yoast_head":"<!-- This site is optimized with the Yoast SEO plugin v27.4 - https:\/\/yoast.com\/product\/yoast-seo-wordpress\/ -->\n<title>Como melhorar a ac\u00fastica de um pequeno apartamento?<\/title>\n<meta name=\"description\" content=\"Descubra como melhorar a ac\u00fastica de um pequeno apartamento com dicas pr\u00e1ticas, materiais recomendados e compara\u00e7\u00f5es reais. Transforme ru\u00eddo\" \/>\n<meta name=\"robots\" content=\"index, follow, max-snippet:-1, max-image-preview:large, max-video-preview:-1\" \/>\n<link rel=\"canonical\" href=\"https:\/\/artigosdiarios.com.br\/en\/como-melhorar-a-acustica-de-um-pequeno-apartamento\/\" \/>\n<meta property=\"og:locale\" content=\"en_US\" \/>\n<meta property=\"og:type\" content=\"article\" \/>\n<meta property=\"og:title\" content=\"Como melhorar a ac\u00fastica de um pequeno apartamento?\" \/>\n<meta property=\"og:description\" content=\"Descubra como melhorar a ac\u00fastica de um pequeno apartamento com dicas pr\u00e1ticas, materiais recomendados e compara\u00e7\u00f5es reais. Transforme ru\u00eddo\" \/>\n<meta property=\"og:url\" content=\"https:\/\/artigosdiarios.com.br\/en\/como-melhorar-a-acustica-de-um-pequeno-apartamento\/\" \/>\n<meta property=\"article:publisher\" content=\"https:\/\/www.facebook.com\/profile.php?id=61555179724450\" \/>\n<meta property=\"article:published_time\" content=\"2025-06-08T11:05:39+00:00\" \/>\n<meta property=\"article:modified_time\" content=\"2025-06-08T11:05:42+00:00\" \/>\n<meta property=\"og:image\" content=\"https:\/\/artigosdiarios.com.br\/wp-content\/uploads\/2025\/06\/Design-sem-nome-24.jpg\" \/>\n\t<meta property=\"og:image:width\" content=\"600\" \/>\n\t<meta property=\"og:image:height\" content=\"400\" \/>\n\t<meta property=\"og:image:type\" content=\"image\/jpeg\" \/>\n<meta name=\"author\" content=\"Emilio Vicente\" \/>\n<meta name=\"twitter:card\" content=\"summary_large_image\" \/>\n<meta name=\"twitter:creator\" content=\"@artigosdiarios\" \/>\n<meta name=\"twitter:site\" content=\"@artigosdiarios\" \/>\n<meta name=\"twitter:label1\" content=\"Written by\" \/>\n\t<meta name=\"twitter:data1\" content=\"Emilio Vicente\" \/>\n\t<meta name=\"twitter:label2\" content=\"Est. reading time\" \/>\n\t<meta name=\"twitter:data2\" content=\"8 minutes\" \/>\n<script type=\"application\/ld+json\" class=\"yoast-schema-graph\">{\"@context\":\"https:\\\/\\\/schema.org\",\"@graph\":[{\"@type\":\"Article\",\"@id\":\"https:\\\/\\\/artigosdiarios.com.br\\\/como-melhorar-a-acustica-de-um-pequeno-apartamento\\\/#article\",\"isPartOf\":{\"@id\":\"https:\\\/\\\/artigosdiarios.com.br\\\/como-melhorar-a-acustica-de-um-pequeno-apartamento\\\/\"},\"author\":{\"name\":\"Emilio Vicente\",\"@id\":\"https:\\\/\\\/artigosdiarios.com.br\\\/#\\\/schema\\\/person\\\/6d64d4d5d58d3da0894ff484b11e6164\"},\"headline\":\"Como melhorar a ac\u00fastica de um pequeno apartamento?\",\"datePublished\":\"2025-06-08T11:05:39+00:00\",\"dateModified\":\"2025-06-08T11:05:42+00:00\",\"mainEntityOfPage\":{\"@id\":\"https:\\\/\\\/artigosdiarios.com.br\\\/como-melhorar-a-acustica-de-um-pequeno-apartamento\\\/\"},\"wordCount\":1390,\"commentCount\":1,\"publisher\":{\"@id\":\"https:\\\/\\\/artigosdiarios.com.br\\\/#organization\"},\"image\":{\"@id\":\"https:\\\/\\\/artigosdiarios.com.br\\\/como-melhorar-a-acustica-de-um-pequeno-apartamento\\\/#primaryimage\"},\"thumbnailUrl\":\"https:\\\/\\\/i0.wp.com\\\/artigosdiarios.com.br\\\/wp-content\\\/uploads\\\/2025\\\/06\\\/Design-sem-nome-24.jpg?fit=600%2C400&ssl=1\",\"keywords\":[\"Como melhorar a ac\u00fastica de um pequeno apartamento\"],\"articleSection\":[\"Diversos\"],\"inLanguage\":\"en-US\",\"potentialAction\":[{\"@type\":\"CommentAction\",\"name\":\"Comment\",\"target\":[\"https:\\\/\\\/artigosdiarios.com.br\\\/como-melhorar-a-acustica-de-um-pequeno-apartamento\\\/#respond\"]}]},{\"@type\":\"WebPage\",\"@id\":\"https:\\\/\\\/artigosdiarios.com.br\\\/como-melhorar-a-acustica-de-um-pequeno-apartamento\\\/\",\"url\":\"https:\\\/\\\/artigosdiarios.com.br\\\/como-melhorar-a-acustica-de-um-pequeno-apartamento\\\/\",\"name\":\"Como melhorar a ac\u00fastica de um pequeno apartamento?\",\"isPartOf\":{\"@id\":\"https:\\\/\\\/artigosdiarios.com.br\\\/#website\"},\"primaryImageOfPage\":{\"@id\":\"https:\\\/\\\/artigosdiarios.com.br\\\/como-melhorar-a-acustica-de-um-pequeno-apartamento\\\/#primaryimage\"},\"image\":{\"@id\":\"https:\\\/\\\/artigosdiarios.com.br\\\/como-melhorar-a-acustica-de-um-pequeno-apartamento\\\/#primaryimage\"},\"thumbnailUrl\":\"https:\\\/\\\/i0.wp.com\\\/artigosdiarios.com.br\\\/wp-content\\\/uploads\\\/2025\\\/06\\\/Design-sem-nome-24.jpg?fit=600%2C400&ssl=1\",\"datePublished\":\"2025-06-08T11:05:39+00:00\",\"dateModified\":\"2025-06-08T11:05:42+00:00\",\"description\":\"Descubra como melhorar a ac\u00fastica de um pequeno apartamento com dicas pr\u00e1ticas, materiais recomendados e compara\u00e7\u00f5es reais. Transforme ru\u00eddo\",\"breadcrumb\":{\"@id\":\"https:\\\/\\\/artigosdiarios.com.br\\\/como-melhorar-a-acustica-de-um-pequeno-apartamento\\\/#breadcrumb\"},\"inLanguage\":\"en-US\",\"potentialAction\":[{\"@type\":\"ReadAction\",\"target\":[\"https:\\\/\\\/artigosdiarios.com.br\\\/como-melhorar-a-acustica-de-um-pequeno-apartamento\\\/\"]}]},{\"@type\":\"ImageObject\",\"inLanguage\":\"en-US\",\"@id\":\"https:\\\/\\\/artigosdiarios.com.br\\\/como-melhorar-a-acustica-de-um-pequeno-apartamento\\\/#primaryimage\",\"url\":\"https:\\\/\\\/i0.wp.com\\\/artigosdiarios.com.br\\\/wp-content\\\/uploads\\\/2025\\\/06\\\/Design-sem-nome-24.jpg?fit=600%2C400&ssl=1\",\"contentUrl\":\"https:\\\/\\\/i0.wp.com\\\/artigosdiarios.com.br\\\/wp-content\\\/uploads\\\/2025\\\/06\\\/Design-sem-nome-24.jpg?fit=600%2C400&ssl=1\",\"width\":600,\"height\":400,\"caption\":\"Como melhorar a ac\u00fastica de um pequeno apartamento\"},{\"@type\":\"BreadcrumbList\",\"@id\":\"https:\\\/\\\/artigosdiarios.com.br\\\/como-melhorar-a-acustica-de-um-pequeno-apartamento\\\/#breadcrumb\",\"itemListElement\":[{\"@type\":\"ListItem\",\"position\":1,\"name\":\"Artigos Di\u00e1rios\",\"item\":\"https:\\\/\\\/artigosdiarios.com.br\\\/\"},{\"@type\":\"ListItem\",\"position\":2,\"name\":\"Como melhorar a ac\u00fastica de um pequeno apartamento?\"}]},{\"@type\":\"WebSite\",\"@id\":\"https:\\\/\\\/artigosdiarios.com.br\\\/#website\",\"url\":\"https:\\\/\\\/artigosdiarios.com.br\\\/\",\"name\":\"ARTIGOS DI\u00c1RIOS\",\"description\":\"\",\"publisher\":{\"@id\":\"https:\\\/\\\/artigosdiarios.com.br\\\/#organization\"},\"potentialAction\":[{\"@type\":\"SearchAction\",\"target\":{\"@type\":\"EntryPoint\",\"urlTemplate\":\"https:\\\/\\\/artigosdiarios.com.br\\\/?s={search_term_string}\"},\"query-input\":{\"@type\":\"PropertyValueSpecification\",\"valueRequired\":true,\"valueName\":\"search_term_string\"}}],\"inLanguage\":\"en-US\"},{\"@type\":\"Organization\",\"@id\":\"https:\\\/\\\/artigosdiarios.com.br\\\/#organization\",\"name\":\"ARTIGOS DI\u00c1RIOS\",\"url\":\"https:\\\/\\\/artigosdiarios.com.br\\\/\",\"logo\":{\"@type\":\"ImageObject\",\"inLanguage\":\"en-US\",\"@id\":\"https:\\\/\\\/artigosdiarios.com.br\\\/#\\\/schema\\\/logo\\\/image\\\/\",\"url\":\"https:\\\/\\\/artigosdiarios.com.br\\\/wp-content\\\/uploads\\\/2025\\\/04\\\/LOGO-REDONDA-DO-ARTIGOS-DIARIOS-vermelho-9.png\",\"contentUrl\":\"https:\\\/\\\/artigosdiarios.com.br\\\/wp-content\\\/uploads\\\/2025\\\/04\\\/LOGO-REDONDA-DO-ARTIGOS-DIARIOS-vermelho-9.png\",\"width\":500,\"height\":500,\"caption\":\"ARTIGOS DI\u00c1RIOS\"},\"image\":{\"@id\":\"https:\\\/\\\/artigosdiarios.com.br\\\/#\\\/schema\\\/logo\\\/image\\\/\"},\"sameAs\":[\"https:\\\/\\\/www.facebook.com\\\/profile.php?id=61555179724450\",\"https:\\\/\\\/x.com\\\/artigosdiarios\",\"https:\\\/\\\/www.instagram.com\\\/artigosdiarios27\\\/\",\"https:\\\/\\\/br.pinterest.com\\\/artigosdiarios\\\/\"]},{\"@type\":\"Person\",\"@id\":\"https:\\\/\\\/artigosdiarios.com.br\\\/#\\\/schema\\\/person\\\/6d64d4d5d58d3da0894ff484b11e6164\",\"name\":\"Emilio Vicente\",\"image\":{\"@type\":\"ImageObject\",\"inLanguage\":\"en-US\",\"@id\":\"https:\\\/\\\/artigosdiarios.com.br\\\/wp-content\\\/litespeed\\\/avatar\\\/43a8c136f579ec4c53a927c70bac9030.jpg?ver=1776711634\",\"url\":\"https:\\\/\\\/artigosdiarios.com.br\\\/wp-content\\\/litespeed\\\/avatar\\\/43a8c136f579ec4c53a927c70bac9030.jpg?ver=1776711634\",\"contentUrl\":\"https:\\\/\\\/artigosdiarios.com.br\\\/wp-content\\\/litespeed\\\/avatar\\\/43a8c136f579ec4c53a927c70bac9030.jpg?ver=1776711634\",\"caption\":\"Emilio Vicente\"},\"description\":\"Emilio de Vicente \u00e9 o autor e respons\u00e1vel pelos conte\u00fados do site Artigos Di\u00e1rios, trazendo informa\u00e7\u00f5es atualizadas, an\u00e1lises profundas e artigos relevantes sobre diversos temas do cotidiano relacionados a moveis multifuncionais para decora\u00e7\u00e3o de pequenos apartamentos.\",\"sameAs\":[\"https:\\\/\\\/artigosdiarios.com.br\"],\"url\":\"https:\\\/\\\/artigosdiarios.com.br\\\/en\\\/author\\\/emilio-vicente\\\/\"}]}<\/script>\n<!-- \/ Yoast SEO plugin. -->","yoast_head_json":{"title":"Como melhorar a ac\u00fastica de um pequeno apartamento?","description":"Descubra como melhorar a ac\u00fastica de um pequeno apartamento com dicas pr\u00e1ticas, materiais recomendados e compara\u00e7\u00f5es reais. Transforme ru\u00eddo","robots":{"index":"index","follow":"follow","max-snippet":"max-snippet:-1","max-image-preview":"max-image-preview:large","max-video-preview":"max-video-preview:-1"},"canonical":"https:\/\/artigosdiarios.com.br\/en\/como-melhorar-a-acustica-de-um-pequeno-apartamento\/","og_locale":"en_US","og_type":"article","og_title":"Como melhorar a ac\u00fastica de um pequeno apartamento?","og_description":"Descubra como melhorar a ac\u00fastica de um pequeno apartamento com dicas pr\u00e1ticas, materiais recomendados e compara\u00e7\u00f5es reais. Transforme ru\u00eddo","og_url":"https:\/\/artigosdiarios.com.br\/en\/como-melhorar-a-acustica-de-um-pequeno-apartamento\/","article_publisher":"https:\/\/www.facebook.com\/profile.php?id=61555179724450","article_published_time":"2025-06-08T11:05:39+00:00","article_modified_time":"2025-06-08T11:05:42+00:00","og_image":[{"width":600,"height":400,"url":"https:\/\/artigosdiarios.com.br\/wp-content\/uploads\/2025\/06\/Design-sem-nome-24.jpg","type":"image\/jpeg"}],"author":"Emilio Vicente","twitter_card":"summary_large_image","twitter_creator":"@artigosdiarios","twitter_site":"@artigosdiarios","twitter_misc":{"Written by":"Emilio Vicente","Est. reading time":"8 minutes"},"schema":{"@context":"https:\/\/schema.org","@graph":[{"@type":"Article","@id":"https:\/\/artigosdiarios.com.br\/como-melhorar-a-acustica-de-um-pequeno-apartamento\/#article","isPartOf":{"@id":"https:\/\/artigosdiarios.com.br\/como-melhorar-a-acustica-de-um-pequeno-apartamento\/"},"author":{"name":"Emilio Vicente","@id":"https:\/\/artigosdiarios.com.br\/#\/schema\/person\/6d64d4d5d58d3da0894ff484b11e6164"},"headline":"Como melhorar a ac\u00fastica de um pequeno apartamento?","datePublished":"2025-06-08T11:05:39+00:00","dateModified":"2025-06-08T11:05:42+00:00","mainEntityOfPage":{"@id":"https:\/\/artigosdiarios.com.br\/como-melhorar-a-acustica-de-um-pequeno-apartamento\/"},"wordCount":1390,"commentCount":1,"publisher":{"@id":"https:\/\/artigosdiarios.com.br\/#organization"},"image":{"@id":"https:\/\/artigosdiarios.com.br\/como-melhorar-a-acustica-de-um-pequeno-apartamento\/#primaryimage"},"thumbnailUrl":"https:\/\/i0.wp.com\/artigosdiarios.com.br\/wp-content\/uploads\/2025\/06\/Design-sem-nome-24.jpg?fit=600%2C400&ssl=1","keywords":["Como melhorar a ac\u00fastica de um pequeno apartamento"],"articleSection":["Diversos"],"inLanguage":"en-US","potentialAction":[{"@type":"CommentAction","name":"Comment","target":["https:\/\/artigosdiarios.com.br\/como-melhorar-a-acustica-de-um-pequeno-apartamento\/#respond"]}]},{"@type":"WebPage","@id":"https:\/\/artigosdiarios.com.br\/como-melhorar-a-acustica-de-um-pequeno-apartamento\/","url":"https:\/\/artigosdiarios.com.br\/como-melhorar-a-acustica-de-um-pequeno-apartamento\/","name":"Como melhorar a ac\u00fastica de um pequeno apartamento?","isPartOf":{"@id":"https:\/\/artigosdiarios.com.br\/#website"},"primaryImageOfPage":{"@id":"https:\/\/artigosdiarios.com.br\/como-melhorar-a-acustica-de-um-pequeno-apartamento\/#primaryimage"},"image":{"@id":"https:\/\/artigosdiarios.com.br\/como-melhorar-a-acustica-de-um-pequeno-apartamento\/#primaryimage"},"thumbnailUrl":"https:\/\/i0.wp.com\/artigosdiarios.com.br\/wp-content\/uploads\/2025\/06\/Design-sem-nome-24.jpg?fit=600%2C400&ssl=1","datePublished":"2025-06-08T11:05:39+00:00","dateModified":"2025-06-08T11:05:42+00:00","description":"Descubra como melhorar a ac\u00fastica de um pequeno apartamento com dicas pr\u00e1ticas, materiais recomendados e compara\u00e7\u00f5es reais. Transforme ru\u00eddo","breadcrumb":{"@id":"https:\/\/artigosdiarios.com.br\/como-melhorar-a-acustica-de-um-pequeno-apartamento\/#breadcrumb"},"inLanguage":"en-US","potentialAction":[{"@type":"ReadAction","target":["https:\/\/artigosdiarios.com.br\/como-melhorar-a-acustica-de-um-pequeno-apartamento\/"]}]},{"@type":"ImageObject","inLanguage":"en-US","@id":"https:\/\/artigosdiarios.com.br\/como-melhorar-a-acustica-de-um-pequeno-apartamento\/#primaryimage","url":"https:\/\/i0.wp.com\/artigosdiarios.com.br\/wp-content\/uploads\/2025\/06\/Design-sem-nome-24.jpg?fit=600%2C400&ssl=1","contentUrl":"https:\/\/i0.wp.com\/artigosdiarios.com.br\/wp-content\/uploads\/2025\/06\/Design-sem-nome-24.jpg?fit=600%2C400&ssl=1","width":600,"height":400,"caption":"Como melhorar a ac\u00fastica de um pequeno apartamento"},{"@type":"BreadcrumbList","@id":"https:\/\/artigosdiarios.com.br\/como-melhorar-a-acustica-de-um-pequeno-apartamento\/#breadcrumb","itemListElement":[{"@type":"ListItem","position":1,"name":"Artigos Di\u00e1rios","item":"https:\/\/artigosdiarios.com.br\/"},{"@type":"ListItem","position":2,"name":"Como melhorar a ac\u00fastica de um pequeno apartamento?"}]},{"@type":"WebSite","@id":"https:\/\/artigosdiarios.com.br\/#website","url":"https:\/\/artigosdiarios.com.br\/","name":"ARTIGOS DI\u00c1RIOS","description":"","publisher":{"@id":"https:\/\/artigosdiarios.com.br\/#organization"},"potentialAction":[{"@type":"SearchAction","target":{"@type":"EntryPoint","urlTemplate":"https:\/\/artigosdiarios.com.br\/?s={search_term_string}"},"query-input":{"@type":"PropertyValueSpecification","valueRequired":true,"valueName":"search_term_string"}}],"inLanguage":"en-US"},{"@type":"Organization","@id":"https:\/\/artigosdiarios.com.br\/#organization","name":"ARTIGOS DI\u00c1RIOS","url":"https:\/\/artigosdiarios.com.br\/","logo":{"@type":"ImageObject","inLanguage":"en-US","@id":"https:\/\/artigosdiarios.com.br\/#\/schema\/logo\/image\/","url":"https:\/\/artigosdiarios.com.br\/wp-content\/uploads\/2025\/04\/LOGO-REDONDA-DO-ARTIGOS-DIARIOS-vermelho-9.png","contentUrl":"https:\/\/artigosdiarios.com.br\/wp-content\/uploads\/2025\/04\/LOGO-REDONDA-DO-ARTIGOS-DIARIOS-vermelho-9.png","width":500,"height":500,"caption":"ARTIGOS DI\u00c1RIOS"},"image":{"@id":"https:\/\/artigosdiarios.com.br\/#\/schema\/logo\/image\/"},"sameAs":["https:\/\/www.facebook.com\/profile.php?id=61555179724450","https:\/\/x.com\/artigosdiarios","https:\/\/www.instagram.com\/artigosdiarios27\/","https:\/\/br.pinterest.com\/artigosdiarios\/"]},{"@type":"Person","@id":"https:\/\/artigosdiarios.com.br\/#\/schema\/person\/6d64d4d5d58d3da0894ff484b11e6164","name":"Emilio Vicente","image":{"@type":"ImageObject","inLanguage":"en-US","@id":"https:\/\/artigosdiarios.com.br\/wp-content\/litespeed\/avatar\/43a8c136f579ec4c53a927c70bac9030.jpg?ver=1776711634","url":"https:\/\/artigosdiarios.com.br\/wp-content\/litespeed\/avatar\/43a8c136f579ec4c53a927c70bac9030.jpg?ver=1776711634","contentUrl":"https:\/\/artigosdiarios.com.br\/wp-content\/litespeed\/avatar\/43a8c136f579ec4c53a927c70bac9030.jpg?ver=1776711634","caption":"Emilio Vicente"},"description":"Emilio de Vicente \u00e9 o autor e respons\u00e1vel pelos conte\u00fados do site Artigos Di\u00e1rios, trazendo informa\u00e7\u00f5es atualizadas, an\u00e1lises profundas e artigos relevantes sobre diversos temas do cotidiano relacionados a moveis multifuncionais para decora\u00e7\u00e3o de pequenos apartamentos.","sameAs":["https:\/\/artigosdiarios.com.br"],"url":"https:\/\/artigosdiarios.com.br\/en\/author\/emilio-vicente\/"}]}},"jetpack_publicize_connections":[],"jetpack_featured_media_url":"https:\/\/i0.wp.com\/artigosdiarios.com.br\/wp-content\/uploads\/2025\/06\/Design-sem-nome-24.jpg?fit=600%2C400&ssl=1","jetpack_sharing_enabled":true,"jetpack_likes_enabled":true,"jetpack-related-posts":[],"_links":{"self":[{"href":"https:\/\/artigosdiarios.com.br\/en\/wp-json\/wp\/v2\/posts\/1006","targetHints":{"allow":["GET"]}}],"collection":[{"href":"https:\/\/artigosdiarios.com.br\/en\/wp-json\/wp\/v2\/posts"}],"about":[{"href":"https:\/\/artigosdiarios.com.br\/en\/wp-json\/wp\/v2\/types\/post"}],"author":[{"embeddable":true,"href":"https:\/\/artigosdiarios.com.br\/en\/wp-json\/wp\/v2\/users\/1"}],"replies":[{"embeddable":true,"href":"https:\/\/artigosdiarios.com.br\/en\/wp-json\/wp\/v2\/comments?post=1006"}],"version-history":[{"count":1,"href":"https:\/\/artigosdiarios.com.br\/en\/wp-json\/wp\/v2\/posts\/1006\/revisions"}],"predecessor-version":[{"id":1009,"href":"https:\/\/artigosdiarios.com.br\/en\/wp-json\/wp\/v2\/posts\/1006\/revisions\/1009"}],"wp:featuredmedia":[{"embeddable":true,"href":"https:\/\/artigosdiarios.com.br\/en\/wp-json\/wp\/v2\/media\/1007"}],"wp:attachment":[{"href":"https:\/\/artigosdiarios.com.br\/en\/wp-json\/wp\/v2\/media?parent=1006"}],"wp:term":[{"taxonomy":"category","embeddable":true,"href":"https:\/\/artigosdiarios.com.br\/en\/wp-json\/wp\/v2\/categories?post=1006"},{"taxonomy":"post_tag","embeddable":true,"href":"https:\/\/artigosdiarios.com.br\/en\/wp-json\/wp\/v2\/tags?post=1006"}],"curies":[{"name":"wp","href":"https:\/\/api.w.org\/{rel}","templated":true}]}}