{"id":1024,"date":"2025-06-08T17:46:20","date_gmt":"2025-06-08T20:46:20","guid":{"rendered":"https:\/\/artigosdiarios.com.br\/?p=1024"},"modified":"2025-06-08T17:46:22","modified_gmt":"2025-06-08T20:46:22","slug":"arquitetura-vernacular-saiba-algumas-de-suas-caracteristicas","status":"publish","type":"post","link":"https:\/\/artigosdiarios.com.br\/en\/arquitetura-vernacular-saiba-algumas-de-suas-caracteristicas\/","title":{"rendered":"Arquitetura Vernacular: saiba algumas de suas caracter\u00edsticas\ud83c\udfe1"},"content":{"rendered":"<p>A arquitetura sempre foi uma express\u00e3o cultural, social e ambiental das sociedades. <\/p>\n\n\n\n<p>Mas, muito antes da presen\u00e7a de engenheiros, grandes escrit\u00f3rios e materiais industrializados, as constru\u00e7\u00f5es humanas eram fruto direto da intera\u00e7\u00e3o entre o homem e seu ambiente. <\/p>\n\n\n\n<p>Esse tipo de constru\u00e7\u00e3o \u00e9 chamado de <strong>arquitetura vernacular<\/strong>  um estilo genu\u00edno, funcional e repleto de identidade.<\/p>\n\n\n\n<p>Mais do que um estilo, ela \u00e9 um reflexo da adapta\u00e7\u00e3o humana \u00e0s condi\u00e7\u00f5es locais, onde os materiais, o clima e os costumes ditam as formas e fun\u00e7\u00f5es dos espa\u00e7os. <\/p>\n\n\n\n<p>Ao explorar esse tema, percebemos como ele se mant\u00e9m atual e essencial, mesmo diante da modernidade urbana.<\/p>\n\n\n\n<h2 class=\"wp-block-heading\">\ud83e\uddf1 O que \u00e9 Arquitetura Vernacular?<\/h2>\n\n\n\n<p>Arquitetura vernacular \u00e9 aquela produzida de maneira espont\u00e2nea pelas comunidades, sem a interven\u00e7\u00e3o formal de arquitetos ou engenheiros. <\/p>\n\n\n\n<p>Surge da tradi\u00e7\u00e3o, da sabedoria popular e do uso de materiais dispon\u00edveis localmente. <\/p>\n\n\n\n<p>Ela responde diretamente \u00e0s necessidades dos habitantes, respeitando o clima, a topografia e os recursos naturais da regi\u00e3o.<\/p>\n\n\n\n<p>Essa forma de construir \u00e9 comum em zonas rurais, povoados tradicionais e regi\u00f5es onde a cultura local se preserva fortemente. <\/p>\n\n\n\n<p>Exemplos incluem casas de adobe no sert\u00e3o nordestino, palafitas na Amaz\u00f4nia, constru\u00e7\u00f5es de pedra em vilarejos da Europa e at\u00e9 casas subterr\u00e2neas em regi\u00f5es des\u00e9rticas.<\/p>\n\n\n\n<h2 class=\"wp-block-heading\">\ud83c\udf3f Caracter\u00edsticas principais da arquitetura vernacular<\/h2>\n\n\n\n<p>A seguir, veja as marcas que tornam essa arquitetura \u00fanica e valiosa.<\/p>\n\n\n\n<h3 class=\"wp-block-heading\">\ud83d\udccc Uso de materiais locais<\/h3>\n\n\n\n<p>Uma das caracter\u00edsticas mais not\u00e1veis da arquitetura vernacular \u00e9 o uso quase exclusivo de materiais da regi\u00e3o: barro, madeira, pedra, palha, bambu e at\u00e9 ossos de animais, dependendo do contexto cultural e ambiental.<\/p>\n\n\n\n<p>Esses materiais s\u00e3o escolhidos por estarem dispon\u00edveis facilmente, terem baixo custo e responderem bem \u00e0s necessidades t\u00e9rmicas e estruturais do ambiente. <\/p>\n\n\n\n<p>Por exemplo, casas de barro s\u00e3o ideais para regi\u00f5es quentes, pois mant\u00eam o frescor interno.<\/p>\n\n\n\n<figure class=\"wp-block-image size-full\"><img data-recalc-dims=\"1\" fetchpriority=\"high\" decoding=\"async\" width=\"600\" height=\"400\" src=\"https:\/\/i0.wp.com\/artigosdiarios.com.br\/wp-content\/uploads\/2025\/06\/Design-sem-nome-31-1.jpg?resize=600%2C400&#038;ssl=1\" alt=\"Arquitetura Vernacular\" class=\"wp-image-1028\" srcset=\"https:\/\/i0.wp.com\/artigosdiarios.com.br\/wp-content\/uploads\/2025\/06\/Design-sem-nome-31-1.jpg?w=600&amp;ssl=1 600w, https:\/\/i0.wp.com\/artigosdiarios.com.br\/wp-content\/uploads\/2025\/06\/Design-sem-nome-31-1.jpg?resize=300%2C200&amp;ssl=1 300w, https:\/\/i0.wp.com\/artigosdiarios.com.br\/wp-content\/uploads\/2025\/06\/Design-sem-nome-31-1.jpg?resize=18%2C12&amp;ssl=1 18w, https:\/\/i0.wp.com\/artigosdiarios.com.br\/wp-content\/uploads\/2025\/06\/Design-sem-nome-31-1.jpg?resize=150%2C100&amp;ssl=1 150w, https:\/\/i0.wp.com\/artigosdiarios.com.br\/wp-content\/uploads\/2025\/06\/Design-sem-nome-31-1.jpg?resize=330%2C220&amp;ssl=1 330w, https:\/\/i0.wp.com\/artigosdiarios.com.br\/wp-content\/uploads\/2025\/06\/Design-sem-nome-31-1.jpg?resize=420%2C280&amp;ssl=1 420w, https:\/\/i0.wp.com\/artigosdiarios.com.br\/wp-content\/uploads\/2025\/06\/Design-sem-nome-31-1.jpg?resize=510%2C340&amp;ssl=1 510w\" sizes=\"(max-width: 600px) 100vw, 600px\" \/><\/figure>\n\n\n\n<h3 class=\"wp-block-heading\">\ud83c\udf1e Adapta\u00e7\u00e3o ao clima<\/h3>\n\n\n\n<p>A sabedoria ancestral incorporada \u00e0 arquitetura vernacular \u00e9 percept\u00edvel na forma como essas constru\u00e7\u00f5es respondem ao clima. <\/p>\n\n\n\n<p>Telhados inclinados em \u00e1reas de chuva intensa, paredes espessas em regi\u00f5es des\u00e9rticas e janelas pequenas em zonas de calor extremo s\u00e3o apenas algumas das estrat\u00e9gias que ajudam a manter o conforto t\u00e9rmico sem depender de <a href=\"https:\/\/artigosdiarios.com.br\/en\/aquecedor-solar-economia-e-sustentabilidade-em-um-so-sistema\/\" target=\"_blank\" rel=\"noreferrer noopener\">energia el\u00e9trica<\/a>.<\/p>\n\n\n\n<h3 class=\"wp-block-heading\">\ud83d\udc63 T\u00e9cnicas construtivas tradicionais<\/h3>\n\n\n\n<p>A constru\u00e7\u00e3o vernacular \u00e9 feita com m\u00e9todos passados de gera\u00e7\u00e3o em gera\u00e7\u00e3o. <\/p>\n\n\n\n<p>Isso inclui o \u201cpau-a-pique\u201d, a taipa de pil\u00e3o, a pedra seca e outros sistemas que n\u00e3o dependem de tecnologia industrial, mas sim da m\u00e3o de obra humana e do conhecimento compartilhado.<\/p>\n\n\n\n<h3 class=\"wp-block-heading\">\ud83c\udf0d Conex\u00e3o com a cultura local<\/h3>\n\n\n\n<p>Cada povo expressa sua vis\u00e3o de mundo tamb\u00e9m por meio da moradia. <\/p>\n\n\n\n<p>A arquitetura vernacular revela muito sobre os valores, as cren\u00e7as e as pr\u00e1ticas cotidianas de uma comunidade. <\/p>\n\n\n\n<p>As formas das casas, as divis\u00f5es internas e os espa\u00e7os sociais refletem diretamente os modos de vida.<\/p>\n\n\n\n<h2 class=\"wp-block-heading\">\ud83d\udee0\ufe0f Passo a passo de uma constru\u00e7\u00e3o vernacular tradicional<\/h2>\n\n\n\n<p>Embora cada regi\u00e3o possua suas especificidades, h\u00e1 um fluxo comum que orienta uma constru\u00e7\u00e3o vernacular. <\/p>\n\n\n\n<p>Veja um exemplo adaptado para uma casa rural com t\u00e9cnicas sustent\u00e1veis:<\/p>\n\n\n\n<h3 class=\"wp-block-heading\">1. <strong>Levantamento do terreno<\/strong><\/h3>\n\n\n\n<p>O primeiro passo \u00e9 observar o local: dire\u00e7\u00e3o dos ventos, incid\u00eancia solar, solo e vegeta\u00e7\u00e3o. A constru\u00e7\u00e3o se adapta a isso, e n\u00e3o o contr\u00e1rio.<\/p>\n\n\n\n<h3 class=\"wp-block-heading\">2. <strong>Escolha dos materiais<\/strong><\/h3>\n\n\n\n<p>Materiais como barro, palha, pedras e madeira s\u00e3o coletados na pr\u00f3pria regi\u00e3o. A escolha depende da fun\u00e7\u00e3o da edifica\u00e7\u00e3o e da disponibilidade.<\/p>\n\n\n\n<h3 class=\"wp-block-heading\">3. <strong>Defini\u00e7\u00e3o do layout<\/strong><\/h3>\n\n\n\n<p>Com base no modo de vida da fam\u00edlia, define-se o n\u00famero de c\u00f4modos, a disposi\u00e7\u00e3o das janelas, \u00e1reas comuns e privadas. \u00c9 comum seguir padr\u00f5es culturais.<\/p>\n\n\n\n<h3 class=\"wp-block-heading\">4. <strong>Preparo dos materiais<\/strong><\/h3>\n\n\n\n<p>O barro, por exemplo, \u00e9 misturado com \u00e1gua e fibras vegetais. A madeira \u00e9 tratada naturalmente com \u00f3leos ou defuma\u00e7\u00e3o. A palha \u00e9 tran\u00e7ada.<\/p>\n\n\n\n<h3 class=\"wp-block-heading\">5. <strong>Execu\u00e7\u00e3o da estrutura<\/strong><\/h3>\n\n\n\n<p>Estruturas simples s\u00e3o erguidas com estacas de madeira ou blocos de adobe. As paredes s\u00e3o preenchidas com barro ou pedra. A cobertura geralmente \u00e9 feita com folhas de palmeira, telhas artesanais ou palha tran\u00e7ada.<\/p>\n\n\n\n<h3 class=\"wp-block-heading\">6. <strong>Acabamento<\/strong><\/h3>\n\n\n\n<p>Os acabamentos s\u00e3o funcionais e est\u00e9ticos: reboco de barro, pintura com pigmentos naturais e aplica\u00e7\u00e3o de vernizes naturais para impermeabiliza\u00e7\u00e3o.<\/p>\n\n\n\n<h2 class=\"wp-block-heading\">\ud83c\udf10 A import\u00e2ncia da arquitetura vernacular no mundo atual<\/h2>\n\n\n\n<figure class=\"wp-block-image size-full\"><img data-recalc-dims=\"1\" decoding=\"async\" width=\"600\" height=\"400\" src=\"https:\/\/i0.wp.com\/artigosdiarios.com.br\/wp-content\/uploads\/2025\/06\/Design-sem-nome-30-1.jpg?resize=600%2C400&#038;ssl=1\" alt=\"Arquitetura Vernacular\" class=\"wp-image-1029\" srcset=\"https:\/\/i0.wp.com\/artigosdiarios.com.br\/wp-content\/uploads\/2025\/06\/Design-sem-nome-30-1.jpg?w=600&amp;ssl=1 600w, https:\/\/i0.wp.com\/artigosdiarios.com.br\/wp-content\/uploads\/2025\/06\/Design-sem-nome-30-1.jpg?resize=300%2C200&amp;ssl=1 300w, https:\/\/i0.wp.com\/artigosdiarios.com.br\/wp-content\/uploads\/2025\/06\/Design-sem-nome-30-1.jpg?resize=18%2C12&amp;ssl=1 18w, https:\/\/i0.wp.com\/artigosdiarios.com.br\/wp-content\/uploads\/2025\/06\/Design-sem-nome-30-1.jpg?resize=150%2C100&amp;ssl=1 150w, https:\/\/i0.wp.com\/artigosdiarios.com.br\/wp-content\/uploads\/2025\/06\/Design-sem-nome-30-1.jpg?resize=330%2C220&amp;ssl=1 330w, https:\/\/i0.wp.com\/artigosdiarios.com.br\/wp-content\/uploads\/2025\/06\/Design-sem-nome-30-1.jpg?resize=420%2C280&amp;ssl=1 420w, https:\/\/i0.wp.com\/artigosdiarios.com.br\/wp-content\/uploads\/2025\/06\/Design-sem-nome-30-1.jpg?resize=510%2C340&amp;ssl=1 510w\" sizes=\"(max-width: 600px) 100vw, 600px\" \/><\/figure>\n\n\n\n<p>Em um contexto onde a sustentabilidade \u00e9 pauta urgente, a arquitetura vernacular mostra-se extremamente atual. <\/p>\n\n\n\n<p>Por depender de recursos locais e de baixo impacto, ela reduz a pegada de carbono, n\u00e3o exige transporte de materiais por longas dist\u00e2ncias e incentiva o consumo consciente.<\/p>\n\n\n\n<p>Al\u00e9m disso, ela resgata o valor das tradi\u00e7\u00f5es e da mem\u00f3ria social, oferecendo uma alternativa \u00e0s constru\u00e7\u00f5es padronizadas e despersonalizadas das grandes cidades.<\/p>\n\n\n\n<p>Na \u00cdndia, por exemplo, tem crescido o uso de t\u00e9cnicas vernaculares nas periferias urbanas, adaptadas com toques contempor\u00e2neos. <\/p>\n\n\n\n<p>Em regi\u00f5es africanas, a arquitetura bioclim\u00e1tica inspirada em saberes locais tem sido aplicada em escolas e hospitais. <\/p>\n\n\n\n<p>No Brasil, projetos de arquitetura social tamb\u00e9m v\u00eam resgatando esse conhecimento em comunidades quilombolas e ind\u00edgenas.<\/p>\n\n\n\n<p>Para conhecer mais sobre como a arquitetura vernacular est\u00e1 sendo aplicada atualmente com um vi\u00e9s sustent\u00e1vel e inovador, vale a pena visitar o portal da <a href=\"https:\/\/arquitecturaviva.com\/\" target=\"_blank\" rel=\"noreferrer noopener\">Arquitectura Viva<\/a>, com artigos e estudos de caso inspiradores.<\/p>\n\n\n\n<h2 class=\"wp-block-heading\">\ud83e\udded Caminhos para valorizar a arquitetura vernacular<\/h2>\n\n\n\n<p>Valorizar essa forma de constru\u00e7\u00e3o \u00e9, acima de tudo, respeitar os saberes locais e promover pr\u00e1ticas sustent\u00e1veis. <\/p>\n\n\n\n<p>Aqui est\u00e3o algumas sugest\u00f5es para resgatar e aplicar esses conceitos:<\/p>\n\n\n\n<ul class=\"wp-block-list\">\n<li>Incentivar programas de ensino t\u00e9cnico que transmitam t\u00e9cnicas vernaculares;<\/li>\n\n\n\n<li>Criar pol\u00edticas p\u00fablicas que protejam comunidades tradicionais e suas moradias;<\/li>\n\n\n\n<li>Apoiar arquitetos que integrem saberes populares em projetos contempor\u00e2neos;<\/li>\n\n\n\n<li>Visitar e divulgar vilas, povoados e obras que preservam a cultura construtiva local;<\/li>\n\n\n\n<li>Estimular reformas conscientes, que mantenham a ess\u00eancia da constru\u00e7\u00e3o original.<\/li>\n<\/ul>\n\n\n\n<h2 class=\"wp-block-heading\">\ud83d\udd0e Um olhar mais atento para a identidade dos lugares<\/h2>\n\n\n\n<p>A arquitetura vernacular nos convida a olhar al\u00e9m das formas e pensar nas hist\u00f3rias.<\/p>\n\n\n\n<p> Ela carrega saberes milenares, solu\u00e7\u00f5es inteligentes e, sobretudo, a alma de um povo. <\/p>\n\n\n\n<p>Em tempos de crise clim\u00e1tica e homogeneiza\u00e7\u00e3o cultural, recuperar esse modo de construir \u00e9 um gesto de resist\u00eancia, afeto e sabedoria.<\/p>\n\n\n\n<p>Seja em uma casa de barro no interior do Brasil, uma cabana na floresta africana ou uma tenda no deserto, o vernacular nos ensina que a verdadeira sofistica\u00e7\u00e3o mora na simplicidade alinhada \u00e0 natureza.<\/p>","protected":false},"excerpt":{"rendered":"<p>A arquitetura sempre foi uma express\u00e3o cultural, social e ambiental das sociedades. Mas, muito antes da presen\u00e7a de engenheiros, grandes escrit\u00f3rios e materiais industrializados, as constru\u00e7\u00f5es humanas eram fruto direto da intera\u00e7\u00e3o entre o homem e seu ambiente. Esse tipo de constru\u00e7\u00e3o \u00e9 chamado de arquitetura vernacular um estilo genu\u00edno, funcional e repleto de identidade.<\/p>","protected":false},"author":1,"featured_media":1027,"comment_status":"open","ping_status":"open","sticky":false,"template":"","format":"standard","meta":{"jetpack_post_was_ever_published":false,"_jetpack_newsletter_access":"","_jetpack_dont_email_post_to_subs":false,"_jetpack_newsletter_tier_id":0,"_jetpack_memberships_contains_paywalled_content":false,"_jetpack_memberships_contains_paid_content":false,"footnotes":"","jetpack_publicize_message":"","jetpack_publicize_feature_enabled":true,"jetpack_social_post_already_shared":true,"jetpack_social_options":{"image_generator_settings":{"template":"highway","default_image_id":0,"font":"","enabled":false},"version":2}},"categories":[1],"tags":[124],"class_list":["post-1024","post","type-post","status-publish","format-standard","has-post-thumbnail","hentry","category-diversos","tag-arquitetura-vernacular"],"yoast_head":"<!-- This site is optimized with the Yoast SEO plugin v27.4 - https:\/\/yoast.com\/product\/yoast-seo-wordpress\/ -->\n<title>Arquitetura Vernacular: saiba algumas de suas caracter\u00edsticas<\/title>\n<meta name=\"description\" content=\"Descubra o que \u00e9 arquitetura vernacular, suas principais caracter\u00edsticas, t\u00e9cnicas construtivas e por que ela \u00e9 essencial\" \/>\n<meta name=\"robots\" content=\"index, follow, max-snippet:-1, max-image-preview:large, max-video-preview:-1\" \/>\n<link rel=\"canonical\" href=\"https:\/\/artigosdiarios.com.br\/en\/arquitetura-vernacular-saiba-algumas-de-suas-caracteristicas\/\" \/>\n<meta property=\"og:locale\" content=\"en_US\" \/>\n<meta property=\"og:type\" content=\"article\" \/>\n<meta property=\"og:title\" content=\"Arquitetura Vernacular: saiba algumas de suas caracter\u00edsticas\" \/>\n<meta property=\"og:description\" content=\"Descubra o que \u00e9 arquitetura vernacular, suas principais caracter\u00edsticas, t\u00e9cnicas construtivas e por que ela \u00e9 essencial\" \/>\n<meta property=\"og:url\" content=\"https:\/\/artigosdiarios.com.br\/en\/arquitetura-vernacular-saiba-algumas-de-suas-caracteristicas\/\" \/>\n<meta property=\"article:publisher\" content=\"https:\/\/www.facebook.com\/profile.php?id=61555179724450\" \/>\n<meta property=\"article:published_time\" content=\"2025-06-08T20:46:20+00:00\" \/>\n<meta property=\"article:modified_time\" content=\"2025-06-08T20:46:22+00:00\" \/>\n<meta property=\"og:image\" content=\"https:\/\/artigosdiarios.com.br\/wp-content\/uploads\/2025\/06\/Design-sem-nome-29.jpg\" \/>\n\t<meta property=\"og:image:width\" content=\"600\" \/>\n\t<meta property=\"og:image:height\" content=\"400\" \/>\n\t<meta property=\"og:image:type\" content=\"image\/jpeg\" \/>\n<meta name=\"author\" content=\"Emilio Vicente\" \/>\n<meta name=\"twitter:card\" content=\"summary_large_image\" \/>\n<meta name=\"twitter:creator\" content=\"@artigosdiarios\" \/>\n<meta name=\"twitter:site\" content=\"@artigosdiarios\" \/>\n<meta name=\"twitter:label1\" content=\"Written by\" \/>\n\t<meta name=\"twitter:data1\" content=\"Emilio Vicente\" \/>\n\t<meta name=\"twitter:label2\" content=\"Est. reading time\" \/>\n\t<meta name=\"twitter:data2\" content=\"7 minutes\" \/>\n<script type=\"application\/ld+json\" class=\"yoast-schema-graph\">{\"@context\":\"https:\\\/\\\/schema.org\",\"@graph\":[{\"@type\":\"Article\",\"@id\":\"https:\\\/\\\/artigosdiarios.com.br\\\/arquitetura-vernacular-saiba-algumas-de-suas-caracteristicas\\\/#article\",\"isPartOf\":{\"@id\":\"https:\\\/\\\/artigosdiarios.com.br\\\/arquitetura-vernacular-saiba-algumas-de-suas-caracteristicas\\\/\"},\"author\":{\"name\":\"Emilio Vicente\",\"@id\":\"https:\\\/\\\/artigosdiarios.com.br\\\/#\\\/schema\\\/person\\\/6d64d4d5d58d3da0894ff484b11e6164\"},\"headline\":\"Arquitetura Vernacular: saiba algumas de suas caracter\u00edsticas\ud83c\udfe1\",\"datePublished\":\"2025-06-08T20:46:20+00:00\",\"dateModified\":\"2025-06-08T20:46:22+00:00\",\"mainEntityOfPage\":{\"@id\":\"https:\\\/\\\/artigosdiarios.com.br\\\/arquitetura-vernacular-saiba-algumas-de-suas-caracteristicas\\\/\"},\"wordCount\":1094,\"commentCount\":0,\"publisher\":{\"@id\":\"https:\\\/\\\/artigosdiarios.com.br\\\/#organization\"},\"image\":{\"@id\":\"https:\\\/\\\/artigosdiarios.com.br\\\/arquitetura-vernacular-saiba-algumas-de-suas-caracteristicas\\\/#primaryimage\"},\"thumbnailUrl\":\"https:\\\/\\\/i0.wp.com\\\/artigosdiarios.com.br\\\/wp-content\\\/uploads\\\/2025\\\/06\\\/Design-sem-nome-29.jpg?fit=600%2C400&ssl=1\",\"keywords\":[\"Arquitetura Vernacular\"],\"articleSection\":[\"Diversos\"],\"inLanguage\":\"en-US\",\"potentialAction\":[{\"@type\":\"CommentAction\",\"name\":\"Comment\",\"target\":[\"https:\\\/\\\/artigosdiarios.com.br\\\/arquitetura-vernacular-saiba-algumas-de-suas-caracteristicas\\\/#respond\"]}]},{\"@type\":\"WebPage\",\"@id\":\"https:\\\/\\\/artigosdiarios.com.br\\\/arquitetura-vernacular-saiba-algumas-de-suas-caracteristicas\\\/\",\"url\":\"https:\\\/\\\/artigosdiarios.com.br\\\/arquitetura-vernacular-saiba-algumas-de-suas-caracteristicas\\\/\",\"name\":\"Arquitetura Vernacular: saiba algumas de suas caracter\u00edsticas\",\"isPartOf\":{\"@id\":\"https:\\\/\\\/artigosdiarios.com.br\\\/#website\"},\"primaryImageOfPage\":{\"@id\":\"https:\\\/\\\/artigosdiarios.com.br\\\/arquitetura-vernacular-saiba-algumas-de-suas-caracteristicas\\\/#primaryimage\"},\"image\":{\"@id\":\"https:\\\/\\\/artigosdiarios.com.br\\\/arquitetura-vernacular-saiba-algumas-de-suas-caracteristicas\\\/#primaryimage\"},\"thumbnailUrl\":\"https:\\\/\\\/i0.wp.com\\\/artigosdiarios.com.br\\\/wp-content\\\/uploads\\\/2025\\\/06\\\/Design-sem-nome-29.jpg?fit=600%2C400&ssl=1\",\"datePublished\":\"2025-06-08T20:46:20+00:00\",\"dateModified\":\"2025-06-08T20:46:22+00:00\",\"description\":\"Descubra o que \u00e9 arquitetura vernacular, suas principais caracter\u00edsticas, t\u00e9cnicas construtivas e por que ela \u00e9 essencial\",\"breadcrumb\":{\"@id\":\"https:\\\/\\\/artigosdiarios.com.br\\\/arquitetura-vernacular-saiba-algumas-de-suas-caracteristicas\\\/#breadcrumb\"},\"inLanguage\":\"en-US\",\"potentialAction\":[{\"@type\":\"ReadAction\",\"target\":[\"https:\\\/\\\/artigosdiarios.com.br\\\/arquitetura-vernacular-saiba-algumas-de-suas-caracteristicas\\\/\"]}]},{\"@type\":\"ImageObject\",\"inLanguage\":\"en-US\",\"@id\":\"https:\\\/\\\/artigosdiarios.com.br\\\/arquitetura-vernacular-saiba-algumas-de-suas-caracteristicas\\\/#primaryimage\",\"url\":\"https:\\\/\\\/i0.wp.com\\\/artigosdiarios.com.br\\\/wp-content\\\/uploads\\\/2025\\\/06\\\/Design-sem-nome-29.jpg?fit=600%2C400&ssl=1\",\"contentUrl\":\"https:\\\/\\\/i0.wp.com\\\/artigosdiarios.com.br\\\/wp-content\\\/uploads\\\/2025\\\/06\\\/Design-sem-nome-29.jpg?fit=600%2C400&ssl=1\",\"width\":600,\"height\":400,\"caption\":\"Arquitetura Vernacular\"},{\"@type\":\"BreadcrumbList\",\"@id\":\"https:\\\/\\\/artigosdiarios.com.br\\\/arquitetura-vernacular-saiba-algumas-de-suas-caracteristicas\\\/#breadcrumb\",\"itemListElement\":[{\"@type\":\"ListItem\",\"position\":1,\"name\":\"Artigos Di\u00e1rios\",\"item\":\"https:\\\/\\\/artigosdiarios.com.br\\\/\"},{\"@type\":\"ListItem\",\"position\":2,\"name\":\"Arquitetura Vernacular: saiba algumas de suas caracter\u00edsticas\ud83c\udfe1\"}]},{\"@type\":\"WebSite\",\"@id\":\"https:\\\/\\\/artigosdiarios.com.br\\\/#website\",\"url\":\"https:\\\/\\\/artigosdiarios.com.br\\\/\",\"name\":\"ARTIGOS DI\u00c1RIOS\",\"description\":\"\",\"publisher\":{\"@id\":\"https:\\\/\\\/artigosdiarios.com.br\\\/#organization\"},\"potentialAction\":[{\"@type\":\"SearchAction\",\"target\":{\"@type\":\"EntryPoint\",\"urlTemplate\":\"https:\\\/\\\/artigosdiarios.com.br\\\/?s={search_term_string}\"},\"query-input\":{\"@type\":\"PropertyValueSpecification\",\"valueRequired\":true,\"valueName\":\"search_term_string\"}}],\"inLanguage\":\"en-US\"},{\"@type\":\"Organization\",\"@id\":\"https:\\\/\\\/artigosdiarios.com.br\\\/#organization\",\"name\":\"ARTIGOS DI\u00c1RIOS\",\"url\":\"https:\\\/\\\/artigosdiarios.com.br\\\/\",\"logo\":{\"@type\":\"ImageObject\",\"inLanguage\":\"en-US\",\"@id\":\"https:\\\/\\\/artigosdiarios.com.br\\\/#\\\/schema\\\/logo\\\/image\\\/\",\"url\":\"https:\\\/\\\/artigosdiarios.com.br\\\/wp-content\\\/uploads\\\/2025\\\/04\\\/LOGO-REDONDA-DO-ARTIGOS-DIARIOS-vermelho-9.png\",\"contentUrl\":\"https:\\\/\\\/artigosdiarios.com.br\\\/wp-content\\\/uploads\\\/2025\\\/04\\\/LOGO-REDONDA-DO-ARTIGOS-DIARIOS-vermelho-9.png\",\"width\":500,\"height\":500,\"caption\":\"ARTIGOS DI\u00c1RIOS\"},\"image\":{\"@id\":\"https:\\\/\\\/artigosdiarios.com.br\\\/#\\\/schema\\\/logo\\\/image\\\/\"},\"sameAs\":[\"https:\\\/\\\/www.facebook.com\\\/profile.php?id=61555179724450\",\"https:\\\/\\\/x.com\\\/artigosdiarios\",\"https:\\\/\\\/www.instagram.com\\\/artigosdiarios27\\\/\",\"https:\\\/\\\/br.pinterest.com\\\/artigosdiarios\\\/\"]},{\"@type\":\"Person\",\"@id\":\"https:\\\/\\\/artigosdiarios.com.br\\\/#\\\/schema\\\/person\\\/6d64d4d5d58d3da0894ff484b11e6164\",\"name\":\"Emilio Vicente\",\"image\":{\"@type\":\"ImageObject\",\"inLanguage\":\"en-US\",\"@id\":\"https:\\\/\\\/artigosdiarios.com.br\\\/wp-content\\\/litespeed\\\/avatar\\\/43a8c136f579ec4c53a927c70bac9030.jpg?ver=1776711634\",\"url\":\"https:\\\/\\\/artigosdiarios.com.br\\\/wp-content\\\/litespeed\\\/avatar\\\/43a8c136f579ec4c53a927c70bac9030.jpg?ver=1776711634\",\"contentUrl\":\"https:\\\/\\\/artigosdiarios.com.br\\\/wp-content\\\/litespeed\\\/avatar\\\/43a8c136f579ec4c53a927c70bac9030.jpg?ver=1776711634\",\"caption\":\"Emilio Vicente\"},\"description\":\"Emilio de Vicente \u00e9 o autor e respons\u00e1vel pelos conte\u00fados do site Artigos Di\u00e1rios, trazendo informa\u00e7\u00f5es atualizadas, an\u00e1lises profundas e artigos relevantes sobre diversos temas do cotidiano relacionados a moveis multifuncionais para decora\u00e7\u00e3o de pequenos apartamentos.\",\"sameAs\":[\"https:\\\/\\\/artigosdiarios.com.br\"],\"url\":\"https:\\\/\\\/artigosdiarios.com.br\\\/en\\\/author\\\/emilio-vicente\\\/\"}]}<\/script>\n<!-- \/ Yoast SEO plugin. -->","yoast_head_json":{"title":"Arquitetura Vernacular: saiba algumas de suas caracter\u00edsticas","description":"Descubra o que \u00e9 arquitetura vernacular, suas principais caracter\u00edsticas, t\u00e9cnicas construtivas e por que ela \u00e9 essencial","robots":{"index":"index","follow":"follow","max-snippet":"max-snippet:-1","max-image-preview":"max-image-preview:large","max-video-preview":"max-video-preview:-1"},"canonical":"https:\/\/artigosdiarios.com.br\/en\/arquitetura-vernacular-saiba-algumas-de-suas-caracteristicas\/","og_locale":"en_US","og_type":"article","og_title":"Arquitetura Vernacular: saiba algumas de suas caracter\u00edsticas","og_description":"Descubra o que \u00e9 arquitetura vernacular, suas principais caracter\u00edsticas, t\u00e9cnicas construtivas e por que ela \u00e9 essencial","og_url":"https:\/\/artigosdiarios.com.br\/en\/arquitetura-vernacular-saiba-algumas-de-suas-caracteristicas\/","article_publisher":"https:\/\/www.facebook.com\/profile.php?id=61555179724450","article_published_time":"2025-06-08T20:46:20+00:00","article_modified_time":"2025-06-08T20:46:22+00:00","og_image":[{"width":600,"height":400,"url":"https:\/\/artigosdiarios.com.br\/wp-content\/uploads\/2025\/06\/Design-sem-nome-29.jpg","type":"image\/jpeg"}],"author":"Emilio Vicente","twitter_card":"summary_large_image","twitter_creator":"@artigosdiarios","twitter_site":"@artigosdiarios","twitter_misc":{"Written by":"Emilio Vicente","Est. reading time":"7 minutes"},"schema":{"@context":"https:\/\/schema.org","@graph":[{"@type":"Article","@id":"https:\/\/artigosdiarios.com.br\/arquitetura-vernacular-saiba-algumas-de-suas-caracteristicas\/#article","isPartOf":{"@id":"https:\/\/artigosdiarios.com.br\/arquitetura-vernacular-saiba-algumas-de-suas-caracteristicas\/"},"author":{"name":"Emilio Vicente","@id":"https:\/\/artigosdiarios.com.br\/#\/schema\/person\/6d64d4d5d58d3da0894ff484b11e6164"},"headline":"Arquitetura Vernacular: saiba algumas de suas caracter\u00edsticas\ud83c\udfe1","datePublished":"2025-06-08T20:46:20+00:00","dateModified":"2025-06-08T20:46:22+00:00","mainEntityOfPage":{"@id":"https:\/\/artigosdiarios.com.br\/arquitetura-vernacular-saiba-algumas-de-suas-caracteristicas\/"},"wordCount":1094,"commentCount":0,"publisher":{"@id":"https:\/\/artigosdiarios.com.br\/#organization"},"image":{"@id":"https:\/\/artigosdiarios.com.br\/arquitetura-vernacular-saiba-algumas-de-suas-caracteristicas\/#primaryimage"},"thumbnailUrl":"https:\/\/i0.wp.com\/artigosdiarios.com.br\/wp-content\/uploads\/2025\/06\/Design-sem-nome-29.jpg?fit=600%2C400&ssl=1","keywords":["Arquitetura Vernacular"],"articleSection":["Diversos"],"inLanguage":"en-US","potentialAction":[{"@type":"CommentAction","name":"Comment","target":["https:\/\/artigosdiarios.com.br\/arquitetura-vernacular-saiba-algumas-de-suas-caracteristicas\/#respond"]}]},{"@type":"WebPage","@id":"https:\/\/artigosdiarios.com.br\/arquitetura-vernacular-saiba-algumas-de-suas-caracteristicas\/","url":"https:\/\/artigosdiarios.com.br\/arquitetura-vernacular-saiba-algumas-de-suas-caracteristicas\/","name":"Arquitetura Vernacular: saiba algumas de suas caracter\u00edsticas","isPartOf":{"@id":"https:\/\/artigosdiarios.com.br\/#website"},"primaryImageOfPage":{"@id":"https:\/\/artigosdiarios.com.br\/arquitetura-vernacular-saiba-algumas-de-suas-caracteristicas\/#primaryimage"},"image":{"@id":"https:\/\/artigosdiarios.com.br\/arquitetura-vernacular-saiba-algumas-de-suas-caracteristicas\/#primaryimage"},"thumbnailUrl":"https:\/\/i0.wp.com\/artigosdiarios.com.br\/wp-content\/uploads\/2025\/06\/Design-sem-nome-29.jpg?fit=600%2C400&ssl=1","datePublished":"2025-06-08T20:46:20+00:00","dateModified":"2025-06-08T20:46:22+00:00","description":"Descubra o que \u00e9 arquitetura vernacular, suas principais caracter\u00edsticas, t\u00e9cnicas construtivas e por que ela \u00e9 essencial","breadcrumb":{"@id":"https:\/\/artigosdiarios.com.br\/arquitetura-vernacular-saiba-algumas-de-suas-caracteristicas\/#breadcrumb"},"inLanguage":"en-US","potentialAction":[{"@type":"ReadAction","target":["https:\/\/artigosdiarios.com.br\/arquitetura-vernacular-saiba-algumas-de-suas-caracteristicas\/"]}]},{"@type":"ImageObject","inLanguage":"en-US","@id":"https:\/\/artigosdiarios.com.br\/arquitetura-vernacular-saiba-algumas-de-suas-caracteristicas\/#primaryimage","url":"https:\/\/i0.wp.com\/artigosdiarios.com.br\/wp-content\/uploads\/2025\/06\/Design-sem-nome-29.jpg?fit=600%2C400&ssl=1","contentUrl":"https:\/\/i0.wp.com\/artigosdiarios.com.br\/wp-content\/uploads\/2025\/06\/Design-sem-nome-29.jpg?fit=600%2C400&ssl=1","width":600,"height":400,"caption":"Arquitetura Vernacular"},{"@type":"BreadcrumbList","@id":"https:\/\/artigosdiarios.com.br\/arquitetura-vernacular-saiba-algumas-de-suas-caracteristicas\/#breadcrumb","itemListElement":[{"@type":"ListItem","position":1,"name":"Artigos Di\u00e1rios","item":"https:\/\/artigosdiarios.com.br\/"},{"@type":"ListItem","position":2,"name":"Arquitetura Vernacular: saiba algumas de suas caracter\u00edsticas\ud83c\udfe1"}]},{"@type":"WebSite","@id":"https:\/\/artigosdiarios.com.br\/#website","url":"https:\/\/artigosdiarios.com.br\/","name":"ARTIGOS DI\u00c1RIOS","description":"","publisher":{"@id":"https:\/\/artigosdiarios.com.br\/#organization"},"potentialAction":[{"@type":"SearchAction","target":{"@type":"EntryPoint","urlTemplate":"https:\/\/artigosdiarios.com.br\/?s={search_term_string}"},"query-input":{"@type":"PropertyValueSpecification","valueRequired":true,"valueName":"search_term_string"}}],"inLanguage":"en-US"},{"@type":"Organization","@id":"https:\/\/artigosdiarios.com.br\/#organization","name":"ARTIGOS DI\u00c1RIOS","url":"https:\/\/artigosdiarios.com.br\/","logo":{"@type":"ImageObject","inLanguage":"en-US","@id":"https:\/\/artigosdiarios.com.br\/#\/schema\/logo\/image\/","url":"https:\/\/artigosdiarios.com.br\/wp-content\/uploads\/2025\/04\/LOGO-REDONDA-DO-ARTIGOS-DIARIOS-vermelho-9.png","contentUrl":"https:\/\/artigosdiarios.com.br\/wp-content\/uploads\/2025\/04\/LOGO-REDONDA-DO-ARTIGOS-DIARIOS-vermelho-9.png","width":500,"height":500,"caption":"ARTIGOS DI\u00c1RIOS"},"image":{"@id":"https:\/\/artigosdiarios.com.br\/#\/schema\/logo\/image\/"},"sameAs":["https:\/\/www.facebook.com\/profile.php?id=61555179724450","https:\/\/x.com\/artigosdiarios","https:\/\/www.instagram.com\/artigosdiarios27\/","https:\/\/br.pinterest.com\/artigosdiarios\/"]},{"@type":"Person","@id":"https:\/\/artigosdiarios.com.br\/#\/schema\/person\/6d64d4d5d58d3da0894ff484b11e6164","name":"Emilio Vicente","image":{"@type":"ImageObject","inLanguage":"en-US","@id":"https:\/\/artigosdiarios.com.br\/wp-content\/litespeed\/avatar\/43a8c136f579ec4c53a927c70bac9030.jpg?ver=1776711634","url":"https:\/\/artigosdiarios.com.br\/wp-content\/litespeed\/avatar\/43a8c136f579ec4c53a927c70bac9030.jpg?ver=1776711634","contentUrl":"https:\/\/artigosdiarios.com.br\/wp-content\/litespeed\/avatar\/43a8c136f579ec4c53a927c70bac9030.jpg?ver=1776711634","caption":"Emilio Vicente"},"description":"Emilio de Vicente \u00e9 o autor e respons\u00e1vel pelos conte\u00fados do site Artigos Di\u00e1rios, trazendo informa\u00e7\u00f5es atualizadas, an\u00e1lises profundas e artigos relevantes sobre diversos temas do cotidiano relacionados a moveis multifuncionais para decora\u00e7\u00e3o de pequenos apartamentos.","sameAs":["https:\/\/artigosdiarios.com.br"],"url":"https:\/\/artigosdiarios.com.br\/en\/author\/emilio-vicente\/"}]}},"jetpack_publicize_connections":[],"jetpack_featured_media_url":"https:\/\/i0.wp.com\/artigosdiarios.com.br\/wp-content\/uploads\/2025\/06\/Design-sem-nome-29.jpg?fit=600%2C400&ssl=1","jetpack_sharing_enabled":true,"jetpack_likes_enabled":true,"jetpack-related-posts":[],"_links":{"self":[{"href":"https:\/\/artigosdiarios.com.br\/en\/wp-json\/wp\/v2\/posts\/1024","targetHints":{"allow":["GET"]}}],"collection":[{"href":"https:\/\/artigosdiarios.com.br\/en\/wp-json\/wp\/v2\/posts"}],"about":[{"href":"https:\/\/artigosdiarios.com.br\/en\/wp-json\/wp\/v2\/types\/post"}],"author":[{"embeddable":true,"href":"https:\/\/artigosdiarios.com.br\/en\/wp-json\/wp\/v2\/users\/1"}],"replies":[{"embeddable":true,"href":"https:\/\/artigosdiarios.com.br\/en\/wp-json\/wp\/v2\/comments?post=1024"}],"version-history":[{"count":1,"href":"https:\/\/artigosdiarios.com.br\/en\/wp-json\/wp\/v2\/posts\/1024\/revisions"}],"predecessor-version":[{"id":1030,"href":"https:\/\/artigosdiarios.com.br\/en\/wp-json\/wp\/v2\/posts\/1024\/revisions\/1030"}],"wp:featuredmedia":[{"embeddable":true,"href":"https:\/\/artigosdiarios.com.br\/en\/wp-json\/wp\/v2\/media\/1027"}],"wp:attachment":[{"href":"https:\/\/artigosdiarios.com.br\/en\/wp-json\/wp\/v2\/media?parent=1024"}],"wp:term":[{"taxonomy":"category","embeddable":true,"href":"https:\/\/artigosdiarios.com.br\/en\/wp-json\/wp\/v2\/categories?post=1024"},{"taxonomy":"post_tag","embeddable":true,"href":"https:\/\/artigosdiarios.com.br\/en\/wp-json\/wp\/v2\/tags?post=1024"}],"curies":[{"name":"wp","href":"https:\/\/api.w.org\/{rel}","templated":true}]}}