{"id":1049,"date":"2025-06-09T18:12:19","date_gmt":"2025-06-09T21:12:19","guid":{"rendered":"https:\/\/artigosdiarios.com.br\/?p=1049"},"modified":"2025-06-09T18:12:26","modified_gmt":"2025-06-09T21:12:26","slug":"dica-de-materiais-que-sao-utilizados-para-acabamentos-externos","status":"publish","type":"post","link":"https:\/\/artigosdiarios.com.br\/en\/dica-de-materiais-que-sao-utilizados-para-acabamentos-externos\/","title":{"rendered":"Dica de materiais que s\u00e3o utilizados para acabamentos externos na casa\ud83c\udfe1"},"content":{"rendered":"<p>A escolha dos materiais para o acabamento externo de uma casa vai muito al\u00e9m da est\u00e9tica. <\/p>\n\n\n\n<p>Eles precisam ser resistentes ao tempo, f\u00e1ceis de manter e compat\u00edveis com o estilo arquitet\u00f4nico da resid\u00eancia. <\/p>\n\n\n\n<p>Afinal, a fachada \u00e9 o cart\u00e3o de visitas de qualquer im\u00f3vel e influencia diretamente na valoriza\u00e7\u00e3o da propriedade.<\/p>\n\n\n\n<p>Se voc\u00ea est\u00e1 planejando uma reforma ou constru\u00e7\u00e3o, entender os tipos de materiais dispon\u00edveis no mercado, suas vantagens, usos recomendados e manuten\u00e7\u00f5es necess\u00e1rias \u00e9 essencial para fazer boas escolhas. <\/p>\n\n\n\n<p>Vamos explorar os principais materiais para acabamentos externos que combinam beleza, resist\u00eancia e funcionalidade.<\/p>\n\n\n\n<h2 class=\"wp-block-heading\">\ud83e\uddf1 Revestimentos para fachadas: prote\u00e7\u00e3o com estilo<\/h2>\n\n\n\n<p>Os revestimentos s\u00e3o parte essencial do acabamento externo, pois atuam como a primeira camada de prote\u00e7\u00e3o contra sol, chuva, vento e polui\u00e7\u00e3o. <\/p>\n\n\n\n<p>Existem diversas op\u00e7\u00f5es no mercado, e a escolha ideal vai depender do <a href=\"https:\/\/artigosdiarios.com.br\/en\/como-fazer-um-pequeno-e-lindo-jardim-para-uma-pequena-casa\/\" target=\"_blank\" rel=\"noreferrer noopener\">estilo da casa<\/a>, da localiza\u00e7\u00e3o geogr\u00e1fica e do or\u00e7amento dispon\u00edvel.<\/p>\n\n\n\n<h3 class=\"wp-block-heading\">\u2705 Porcelanato externo<\/h3>\n\n\n\n<p>\ud83d\udccc <strong>Vantagens<\/strong>: alta durabilidade, variedade de cores e texturas, resist\u00eancia \u00e0 umidade e ao sol.<br>\ud83d\udd27 <strong>Indica\u00e7\u00e3o<\/strong>: fachadas modernas, \u00e1reas com incid\u00eancia de sol forte.<br>\ud83d\udca7 <strong>Manuten\u00e7\u00e3o<\/strong>: simples, com \u00e1gua e sab\u00e3o neutro.<\/p>\n\n\n\n<blockquote class=\"wp-block-quote is-layout-flow wp-block-quote-is-layout-flow\">\n<p>Dica: prefira os modelos com acabamento acetinado ou antiderrapante, ideais para \u00e1reas externas.<\/p>\n<\/blockquote>\n\n\n\n<h3 class=\"wp-block-heading\">\ud83e\udea8 Pedra natural<\/h3>\n\n\n\n<p>\ud83d\udccc <strong>Tipos mais usados<\/strong>: canjiquinha, s\u00e3o tom\u00e9, granito e ard\u00f3sia.<br>\ud83c\udf1e <strong>Vantagens<\/strong>: aspecto r\u00fastico, natural, resistente ao tempo.<br>\ud83d\udee0\ufe0f <strong>Indica\u00e7\u00e3o<\/strong>: muros, fachadas de casas de campo, \u00e1reas de piscina.<br>\ud83e\uddfc <strong>Manuten\u00e7\u00e3o<\/strong>: precisa de impermeabiliza\u00e7\u00e3o peri\u00f3dica.<\/p>\n\n\n\n<blockquote class=\"wp-block-quote is-layout-flow wp-block-quote-is-layout-flow\">\n<p><a>Confira inspira\u00e7\u00f5es com pedra S\u00e3o Tom\u00e9<\/a><\/p>\n<\/blockquote>\n\n\n\n<h3 class=\"wp-block-heading\">\ud83e\uddf1 Tijolinho aparente<\/h3>\n\n\n\n<p>\ud83d\udccc <strong>Est\u00e9tica<\/strong>: visual r\u00fastico e aconchegante, muito usado em estilos industriais ou retr\u00f4s.<br>\ud83c\udf27\ufe0f <strong>Vantagens<\/strong>: resist\u00eancia \u00e0 chuva e calor, isolante t\u00e9rmico.<br>\ud83d\udd29 <strong>Cuidados<\/strong>: aplicar resina protetora para evitar infiltra\u00e7\u00f5es.<\/p>\n\n\n\n<h2 class=\"wp-block-heading\">\ud83c\udfa8 Pinturas e texturas externas<\/h2>\n\n\n\n<p>A pintura externa ainda \u00e9 uma das solu\u00e7\u00f5es mais populares por seu custo-benef\u00edcio, praticidade e liberdade de personaliza\u00e7\u00e3o.<\/p>\n\n\n\n<h3 class=\"wp-block-heading\">\ud83e\uddf4 Tinta acr\u00edlica<\/h3>\n\n\n\n<p>\ud83c\udfaf <strong>Ideal para<\/strong>: paredes externas expostas ao sol e chuva.<br>\u2705 <strong>Benef\u00edcios<\/strong>: imperme\u00e1vel, f\u00e1cil aplica\u00e7\u00e3o, cores variadas.<br>\ud83d\udca1 <strong>Dica<\/strong>: escolha tintas com a\u00e7\u00e3o antimofo e prote\u00e7\u00e3o UV.<\/p>\n\n\n\n<h3 class=\"wp-block-heading\">\ud83d\udd8c\ufe0f Textura acr\u00edlica ou grafiato<\/h3>\n\n\n\n<p>\ud83d\udce6 <strong>Visual<\/strong>: cria volume e efeito decorativo.<br>\ud83d\udcaa <strong>Vantagem<\/strong>: esconde imperfei\u00e7\u00f5es da parede, \u00e9 lav\u00e1vel e tem alta durabilidade.<br>\ud83d\udca1 <strong>Dica<\/strong>: \u00f3timo para muros externos e fachadas que sofrem com umidade.<\/p>\n\n\n\n<h2 class=\"wp-block-heading\">\ud83e\udeb5 Materiais naturais que valorizam a fachada<\/h2>\n\n\n\n<h3 class=\"wp-block-heading\">\ud83c\udf3f Madeira tratada<\/h3>\n\n\n\n<p>\ud83d\udccc <strong>Usos comuns<\/strong>: pain\u00e9is, brises, pergolados, decks e forros.<br>\ud83d\udd25 <strong>Vantagens<\/strong>: beleza \u00fanica, toque acolhedor, isolamento t\u00e9rmico.<br>\u26a0\ufe0f <strong>Cuidados<\/strong>: precisa de tratamento antifungo e reaplica\u00e7\u00e3o de verniz a cada dois anos.<\/p>\n\n\n\n<h3 class=\"wp-block-heading\">\ud83e\uddfa Bambu e fibras naturais<\/h3>\n\n\n\n<p>\ud83c\udf3f <strong>Indica\u00e7\u00e3o<\/strong>: varandas, pain\u00e9is decorativos e fachadas ecol\u00f3gicas.<br>\ud83d\udcc9 <strong>Durabilidade<\/strong>: menor que a da madeira, mas com apelo sustent\u00e1vel e de custo acess\u00edvel.<br>\ud83d\udca1 <strong>Recomenda-se<\/strong>: uso em \u00e1reas cobertas ou protegidas da chuva.<\/p>\n\n\n\n<h2 class=\"wp-block-heading\">\ud83e\udde9 Revestimentos ciment\u00edcios<\/h2>\n\n\n\n<p>Os materiais ciment\u00edcios s\u00e3o produzidos a partir de concreto moldado, ganhando diversas formas e texturas, como pedras, tijolos, ripados e pain\u00e9is 3D.<\/p>\n\n\n\n<p>\ud83d\udce6 <strong>Benef\u00edcios<\/strong>: alta durabilidade, resist\u00eancia ao tempo, est\u00e9tica contempor\u00e2nea.<br>\ud83e\uddf1 <strong>Indica\u00e7\u00e3o<\/strong>: fachadas modernas, muros, pain\u00e9is externos.<br>\ud83d\udee1\ufe0f <strong>Manuten\u00e7\u00e3o<\/strong>: baixa, exige apenas limpeza peri\u00f3dica.<\/p>\n\n\n\n<blockquote class=\"wp-block-quote is-layout-flow wp-block-quote-is-layout-flow\">\n<p>Conhe\u00e7a diferentes tipos de <a href=\"https:\/\/www.leroymerlin.com.br\/revestimentos-cimenticios\" target=\"_blank\" rel=\"noreferrer noopener\">revestimentos ciment\u00edcios externos<\/a><\/p>\n<\/blockquote>\n\n\n\n<h2 class=\"wp-block-heading\">\ud83e\udea8 Pastilhas e cer\u00e2micas<\/h2>\n\n\n\n<p>Muito usadas em fachadas de pr\u00e9dios, as pastilhas e cer\u00e2micas tamb\u00e9m s\u00e3o boas op\u00e7\u00f5es para casas com design mais arrojado.<\/p>\n\n\n\n<p>\ud83e\uddfd <strong>Vantagens<\/strong>: f\u00e1ceis de limpar, imperme\u00e1veis, dispon\u00edveis em v\u00e1rias cores.<br>\ud83e\uddf1 <strong>Indica\u00e7\u00e3o<\/strong>: muros baixos, entradas, paredes de destaque.<br>\ud83d\udca1 <strong>Aten\u00e7\u00e3o<\/strong>: a aplica\u00e7\u00e3o deve ser feita com argamassa e rejunte espec\u00edficos para \u00e1reas externas.<\/p>\n\n\n\n<h2 class=\"wp-block-heading\">\ud83c\udf1e Telhas e coberturas<\/h2>\n\n\n\n<p>N\u00e3o podemos esquecer que a cobertura tamb\u00e9m comp\u00f5e o acabamento externo e precisa estar em harmonia com os demais elementos.<\/p>\n\n\n\n<h3 class=\"wp-block-heading\">\ud83e\uddf1 Telha cer\u00e2mica<\/h3>\n\n\n\n<p>\ud83d\udccc <strong>Estilo<\/strong>: cl\u00e1ssico e tradicional, ideal para casas t\u00e9rreas ou de campo.<br>\u2600\ufe0f <strong>Durabilidade<\/strong>: muito alta, bom isolamento t\u00e9rmico.<br>\ud83d\udd27 <strong>Manuten\u00e7\u00e3o<\/strong>: limpeza sem produtos abrasivos e revis\u00e3o das calhas.<\/p>\n\n\n\n<h3 class=\"wp-block-heading\">\ud83e\uddfc Telha met\u00e1lica com pintura eletrost\u00e1tica<\/h3>\n\n\n\n<p>\ud83c\udfaf <strong>Visual<\/strong>: moderno e minimalista.<br>\ud83d\udd25 <strong>Vantagem<\/strong>: leve, resistente a altas temperaturas, ideal para telhados embutidos.<\/p>\n\n\n\n<h2 class=\"wp-block-heading\">\ud83e\uddf0 Passo a passo para escolher o material ideal<\/h2>\n\n\n\n<ol class=\"wp-block-list\">\n<li><strong>Avalie o clima da regi\u00e3o<\/strong><br>\ud83d\udd0d Ambientes com sol intenso ou muita umidade pedem materiais mais resistentes como pedras e porcelanatos.<\/li>\n\n\n\n<li><strong>Considere o estilo da casa<\/strong><br>\ud83c\udfe0 Moderno, r\u00fastico, minimalista ou cl\u00e1ssico? Cada estilo pede um acabamento espec\u00edfico.<\/li>\n\n\n\n<li><strong>Defina seu or\u00e7amento<\/strong><br>\ud83d\udcb0 Materiais naturais tendem a ser mais caros, mas t\u00eam maior durabilidade.<\/li>\n\n\n\n<li><strong>Priorize praticidade na manuten\u00e7\u00e3o<\/strong><br>\ud83e\uddfc Alguns materiais exigem mais cuidados com limpeza e prote\u00e7\u00e3o.<\/li>\n\n\n\n<li><strong>Contrate profissionais qualificados<\/strong><br>\ud83d\udc77\u200d\u2642\ufe0f Uma instala\u00e7\u00e3o bem feita garante o desempenho est\u00e9tico e funcional do acabamento.<\/li>\n<\/ol>\n\n\n\n<figure class=\"wp-block-image size-full\"><img data-recalc-dims=\"1\" fetchpriority=\"high\" decoding=\"async\" width=\"612\" height=\"459\" src=\"https:\/\/i0.wp.com\/artigosdiarios.com.br\/wp-content\/uploads\/2025\/06\/new-house-with-gray-door-and-emp.jpg?resize=612%2C459&#038;ssl=1\" alt=\"Dica de materiais que s\u00e3o utilizados para acabamentos externos na casa\" class=\"wp-image-1052\" srcset=\"https:\/\/i0.wp.com\/artigosdiarios.com.br\/wp-content\/uploads\/2025\/06\/new-house-with-gray-door-and-emp.jpg?w=612&amp;ssl=1 612w, https:\/\/i0.wp.com\/artigosdiarios.com.br\/wp-content\/uploads\/2025\/06\/new-house-with-gray-door-and-emp.jpg?resize=300%2C225&amp;ssl=1 300w, https:\/\/i0.wp.com\/artigosdiarios.com.br\/wp-content\/uploads\/2025\/06\/new-house-with-gray-door-and-emp.jpg?resize=16%2C12&amp;ssl=1 16w, https:\/\/i0.wp.com\/artigosdiarios.com.br\/wp-content\/uploads\/2025\/06\/new-house-with-gray-door-and-emp.jpg?resize=150%2C113&amp;ssl=1 150w\" sizes=\"(max-width: 612px) 100vw, 612px\" \/><\/figure>\n\n\n\n<h2 class=\"wp-block-heading\">\u2728 Um toque que transforma tudo<\/h2>\n\n\n\n<p>Investir nos acabamentos externos certos transforma a casa em um ambiente mais bonito, seguro e valorizado. <\/p>\n\n\n\n<p>Mais do que simplesmente escolher um material, \u00e9 preciso pensar em como ele se comportar\u00e1 com o tempo, com o clima e com o estilo de vida dos moradores.<\/p>\n\n\n\n<p>Para mais inspira\u00e7\u00f5es e dicas de materiais, acesse o portal <a href=\"https:\/\/www.archtrends.com.br\" target=\"_blank\" rel=\"noreferrer noopener\">Archtrends Portobello<\/a>.<\/p>\n\n\n\n<h2 class=\"wp-block-heading\"><strong>Diagrama de compara\u00e7\u00e3o de custo<\/strong><\/h2>\n\n\n\n<p>Principais <strong>materiais utilizados em acabamentos externos de casas<\/strong>, levando em conta <strong>n\u00edvel de custo m\u00e9dio<\/strong>, <strong>manuten\u00e7\u00e3o<\/strong> e <strong>durabilidade<\/strong>. <\/p>\n\n\n\n<p>A escala vai de <strong>baixo<\/strong>, <strong>m\u00e9dio<\/strong> a <strong>alto<\/strong>.<\/p>\n\n\n\n<h3 class=\"wp-block-heading\">\ud83d\udcca Tabela Comparativa de Custo x Manuten\u00e7\u00e3o x Durabilidade<\/h3>\n\n\n\n<figure class=\"wp-block-table\"><table class=\"has-fixed-layout\"><thead><tr><th class=\"has-text-align-center\" data-align=\"center\">Material<\/th><th class=\"has-text-align-center\" data-align=\"center\">Custo Inicial \ud83d\udcb0<\/th><th class=\"has-text-align-center\" data-align=\"center\">Manuten\u00e7\u00e3o \ud83d\udd27<\/th><th class=\"has-text-align-center\" data-align=\"center\">Durabilidade \u23f3<\/th><\/tr><\/thead><tbody><tr><td class=\"has-text-align-center\" data-align=\"center\"><strong>Tinta Acr\u00edlica Externa<\/strong><\/td><td class=\"has-text-align-center\" data-align=\"center\">Baixo<\/td><td class=\"has-text-align-center\" data-align=\"center\">M\u00e9dia<\/td><td class=\"has-text-align-center\" data-align=\"center\">M\u00e9dia<\/td><\/tr><tr><td class=\"has-text-align-center\" data-align=\"center\"><strong>Textura Acr\u00edlica \/ Grafiato<\/strong><\/td><td class=\"has-text-align-center\" data-align=\"center\">M\u00e9dio<\/td><td class=\"has-text-align-center\" data-align=\"center\">Baixa<\/td><td class=\"has-text-align-center\" data-align=\"center\">Alta<\/td><\/tr><tr><td class=\"has-text-align-center\" data-align=\"center\"><strong>Porcelanato Externo<\/strong><\/td><td class=\"has-text-align-center\" data-align=\"center\">Alto<\/td><td class=\"has-text-align-center\" data-align=\"center\">Baixa<\/td><td class=\"has-text-align-center\" data-align=\"center\">Alta<\/td><\/tr><tr><td class=\"has-text-align-center\" data-align=\"center\"><strong>Pedra Natural (S\u00e3o Tom\u00e9, Granito)<\/strong><\/td><td class=\"has-text-align-center\" data-align=\"center\">Alto<\/td><td class=\"has-text-align-center\" data-align=\"center\">M\u00e9dia<\/td><td class=\"has-text-align-center\" data-align=\"center\">Muito Alta<\/td><\/tr><tr><td class=\"has-text-align-center\" data-align=\"center\"><strong>Tijolinho Aparente<\/strong><\/td><td class=\"has-text-align-center\" data-align=\"center\">M\u00e9dio<\/td><td class=\"has-text-align-center\" data-align=\"center\">M\u00e9dia<\/td><td class=\"has-text-align-center\" data-align=\"center\">Alta<\/td><\/tr><tr><td class=\"has-text-align-center\" data-align=\"center\"><strong>Madeira Tratada<\/strong><\/td><td class=\"has-text-align-center\" data-align=\"center\">M\u00e9dio<\/td><td class=\"has-text-align-center\" data-align=\"center\">Alta<\/td><td class=\"has-text-align-center\" data-align=\"center\">Alta<\/td><\/tr><tr><td class=\"has-text-align-center\" data-align=\"center\"><strong>Bambu \/ Fibras Naturais<\/strong><\/td><td class=\"has-text-align-center\" data-align=\"center\">Baixo<\/td><td class=\"has-text-align-center\" data-align=\"center\">Alta<\/td><td class=\"has-text-align-center\" data-align=\"center\">Baixa<\/td><\/tr><tr><td class=\"has-text-align-center\" data-align=\"center\"><strong>Ciment\u00edcio (3D, r\u00fastico)<\/strong><\/td><td class=\"has-text-align-center\" data-align=\"center\">M\u00e9dio<\/td><td class=\"has-text-align-center\" data-align=\"center\">Baixa<\/td><td class=\"has-text-align-center\" data-align=\"center\">Alta<\/td><\/tr><tr><td class=\"has-text-align-center\" data-align=\"center\"><strong>Pastilhas \/ Cer\u00e2micas<\/strong><\/td><td class=\"has-text-align-center\" data-align=\"center\">M\u00e9dio<\/td><td class=\"has-text-align-center\" data-align=\"center\">Baixa<\/td><td class=\"has-text-align-center\" data-align=\"center\">Muito Alta<\/td><\/tr><tr><td class=\"has-text-align-center\" data-align=\"center\"><strong>Telha Cer\u00e2mica<\/strong><\/td><td class=\"has-text-align-center\" data-align=\"center\">M\u00e9dio<\/td><td class=\"has-text-align-center\" data-align=\"center\">M\u00e9dia<\/td><td class=\"has-text-align-center\" data-align=\"center\">Muito Alta<\/td><\/tr><tr><td class=\"has-text-align-center\" data-align=\"center\"><strong>Telha Met\u00e1lica Pintada<\/strong><\/td><td class=\"has-text-align-center\" data-align=\"center\">Alto<\/td><td class=\"has-text-align-center\" data-align=\"center\">Baixa<\/td><td class=\"has-text-align-center\" data-align=\"center\">Alta<\/td><\/tr><\/tbody><\/table><\/figure>\n\n\n\n<h3 class=\"wp-block-heading\">\ud83e\uddfe Interpreta\u00e7\u00e3o R\u00e1pida:<\/h3>\n\n\n\n<ul class=\"wp-block-list\">\n<li><strong>Baixo custo e boa durabilidade<\/strong>: Pastilhas e tinta acr\u00edlica (com ressalvas de manuten\u00e7\u00e3o).<\/li>\n\n\n\n<li><strong>Alto custo, mas excelente durabilidade e baixa manuten\u00e7\u00e3o<\/strong>: Pedra natural, porcelanato externo e ciment\u00edcio.<\/li>\n\n\n\n<li><strong>Materiais naturais exigem mais manuten\u00e7\u00e3o<\/strong>, como madeira e bambu.<\/li>\n<\/ul>\n\n\n\n<p>Acabamentos bem planejados tamb\u00e9m podem influenciar o conforto t\u00e9rmico, a seguran\u00e7a e a economia a longo prazo. <\/p>\n\n\n\n<p>Por isso, antes de definir as cores da tinta ou o modelo do revestimento, busque refer\u00eancias, converse com especialistas e planeje cada detalhe.<\/p>","protected":false},"excerpt":{"rendered":"<p>A escolha dos materiais para o acabamento externo de uma casa vai muito al\u00e9m da est\u00e9tica. Eles precisam ser resistentes ao tempo, f\u00e1ceis de manter e compat\u00edveis com o estilo arquitet\u00f4nico da resid\u00eancia. Afinal, a fachada \u00e9 o cart\u00e3o de visitas de qualquer im\u00f3vel e influencia diretamente na valoriza\u00e7\u00e3o da propriedade. Se voc\u00ea est\u00e1 planejando<\/p>","protected":false},"author":1,"featured_media":1051,"comment_status":"open","ping_status":"open","sticky":false,"template":"","format":"standard","meta":{"jetpack_post_was_ever_published":false,"_jetpack_newsletter_access":"","_jetpack_dont_email_post_to_subs":false,"_jetpack_newsletter_tier_id":0,"_jetpack_memberships_contains_paywalled_content":false,"_jetpack_memberships_contains_paid_content":false,"footnotes":"","jetpack_publicize_message":"","jetpack_publicize_feature_enabled":true,"jetpack_social_post_already_shared":true,"jetpack_social_options":{"image_generator_settings":{"template":"highway","default_image_id":0,"font":"","enabled":false},"version":2}},"categories":[1],"tags":[127],"class_list":["post-1049","post","type-post","status-publish","format-standard","has-post-thumbnail","hentry","category-diversos","tag-acabamentos-externos"],"yoast_head":"<!-- This site is optimized with the Yoast SEO plugin v27.4 - https:\/\/yoast.com\/product\/yoast-seo-wordpress\/ -->\n<title>Dica de materiais que s\u00e3o utilizados para acabamentos externos<\/title>\n<meta name=\"description\" content=\"Descubra os melhores materiais para acabamentos externos, com dicas de custo, durabilidade e manuten\u00e7\u00e3o para deixar sua casa bonita\" \/>\n<meta name=\"robots\" content=\"index, follow, max-snippet:-1, max-image-preview:large, max-video-preview:-1\" \/>\n<link rel=\"canonical\" href=\"https:\/\/artigosdiarios.com.br\/en\/dica-de-materiais-que-sao-utilizados-para-acabamentos-externos\/\" \/>\n<meta property=\"og:locale\" content=\"en_US\" \/>\n<meta property=\"og:type\" content=\"article\" \/>\n<meta property=\"og:title\" content=\"Dica de materiais que s\u00e3o utilizados para acabamentos externos\" \/>\n<meta property=\"og:description\" content=\"Descubra os melhores materiais para acabamentos externos, com dicas de custo, durabilidade e manuten\u00e7\u00e3o para deixar sua casa bonita\" \/>\n<meta property=\"og:url\" content=\"https:\/\/artigosdiarios.com.br\/en\/dica-de-materiais-que-sao-utilizados-para-acabamentos-externos\/\" \/>\n<meta property=\"article:publisher\" content=\"https:\/\/www.facebook.com\/profile.php?id=61555179724450\" \/>\n<meta property=\"article:published_time\" content=\"2025-06-09T21:12:19+00:00\" \/>\n<meta property=\"article:modified_time\" content=\"2025-06-09T21:12:26+00:00\" \/>\n<meta property=\"og:image\" content=\"https:\/\/artigosdiarios.com.br\/wp-content\/uploads\/2025\/06\/Design-sem-nome-2-5.jpg\" \/>\n\t<meta property=\"og:image:width\" content=\"600\" \/>\n\t<meta property=\"og:image:height\" content=\"400\" \/>\n\t<meta property=\"og:image:type\" content=\"image\/jpeg\" \/>\n<meta name=\"author\" content=\"Emilio Vicente\" \/>\n<meta name=\"twitter:card\" content=\"summary_large_image\" \/>\n<meta name=\"twitter:creator\" content=\"@artigosdiarios\" \/>\n<meta name=\"twitter:site\" content=\"@artigosdiarios\" \/>\n<meta name=\"twitter:label1\" content=\"Written by\" \/>\n\t<meta name=\"twitter:data1\" content=\"Emilio Vicente\" \/>\n\t<meta name=\"twitter:label2\" content=\"Est. reading time\" \/>\n\t<meta name=\"twitter:data2\" content=\"6 minutes\" \/>\n<script type=\"application\/ld+json\" class=\"yoast-schema-graph\">{\"@context\":\"https:\\\/\\\/schema.org\",\"@graph\":[{\"@type\":\"Article\",\"@id\":\"https:\\\/\\\/artigosdiarios.com.br\\\/dica-de-materiais-que-sao-utilizados-para-acabamentos-externos\\\/#article\",\"isPartOf\":{\"@id\":\"https:\\\/\\\/artigosdiarios.com.br\\\/dica-de-materiais-que-sao-utilizados-para-acabamentos-externos\\\/\"},\"author\":{\"name\":\"Emilio Vicente\",\"@id\":\"https:\\\/\\\/artigosdiarios.com.br\\\/#\\\/schema\\\/person\\\/6d64d4d5d58d3da0894ff484b11e6164\"},\"headline\":\"Dica de materiais que s\u00e3o utilizados para acabamentos externos na casa\ud83c\udfe1\",\"datePublished\":\"2025-06-09T21:12:19+00:00\",\"dateModified\":\"2025-06-09T21:12:26+00:00\",\"mainEntityOfPage\":{\"@id\":\"https:\\\/\\\/artigosdiarios.com.br\\\/dica-de-materiais-que-sao-utilizados-para-acabamentos-externos\\\/\"},\"wordCount\":1073,\"commentCount\":1,\"publisher\":{\"@id\":\"https:\\\/\\\/artigosdiarios.com.br\\\/#organization\"},\"image\":{\"@id\":\"https:\\\/\\\/artigosdiarios.com.br\\\/dica-de-materiais-que-sao-utilizados-para-acabamentos-externos\\\/#primaryimage\"},\"thumbnailUrl\":\"https:\\\/\\\/i0.wp.com\\\/artigosdiarios.com.br\\\/wp-content\\\/uploads\\\/2025\\\/06\\\/Design-sem-nome-2-5.jpg?fit=600%2C400&ssl=1\",\"keywords\":[\"acabamentos externos\"],\"articleSection\":[\"Diversos\"],\"inLanguage\":\"en-US\",\"potentialAction\":[{\"@type\":\"CommentAction\",\"name\":\"Comment\",\"target\":[\"https:\\\/\\\/artigosdiarios.com.br\\\/dica-de-materiais-que-sao-utilizados-para-acabamentos-externos\\\/#respond\"]}]},{\"@type\":\"WebPage\",\"@id\":\"https:\\\/\\\/artigosdiarios.com.br\\\/dica-de-materiais-que-sao-utilizados-para-acabamentos-externos\\\/\",\"url\":\"https:\\\/\\\/artigosdiarios.com.br\\\/dica-de-materiais-que-sao-utilizados-para-acabamentos-externos\\\/\",\"name\":\"Dica de materiais que s\u00e3o utilizados para acabamentos externos\",\"isPartOf\":{\"@id\":\"https:\\\/\\\/artigosdiarios.com.br\\\/#website\"},\"primaryImageOfPage\":{\"@id\":\"https:\\\/\\\/artigosdiarios.com.br\\\/dica-de-materiais-que-sao-utilizados-para-acabamentos-externos\\\/#primaryimage\"},\"image\":{\"@id\":\"https:\\\/\\\/artigosdiarios.com.br\\\/dica-de-materiais-que-sao-utilizados-para-acabamentos-externos\\\/#primaryimage\"},\"thumbnailUrl\":\"https:\\\/\\\/i0.wp.com\\\/artigosdiarios.com.br\\\/wp-content\\\/uploads\\\/2025\\\/06\\\/Design-sem-nome-2-5.jpg?fit=600%2C400&ssl=1\",\"datePublished\":\"2025-06-09T21:12:19+00:00\",\"dateModified\":\"2025-06-09T21:12:26+00:00\",\"description\":\"Descubra os melhores materiais para acabamentos externos, com dicas de custo, durabilidade e manuten\u00e7\u00e3o para deixar sua casa bonita\",\"breadcrumb\":{\"@id\":\"https:\\\/\\\/artigosdiarios.com.br\\\/dica-de-materiais-que-sao-utilizados-para-acabamentos-externos\\\/#breadcrumb\"},\"inLanguage\":\"en-US\",\"potentialAction\":[{\"@type\":\"ReadAction\",\"target\":[\"https:\\\/\\\/artigosdiarios.com.br\\\/dica-de-materiais-que-sao-utilizados-para-acabamentos-externos\\\/\"]}]},{\"@type\":\"ImageObject\",\"inLanguage\":\"en-US\",\"@id\":\"https:\\\/\\\/artigosdiarios.com.br\\\/dica-de-materiais-que-sao-utilizados-para-acabamentos-externos\\\/#primaryimage\",\"url\":\"https:\\\/\\\/i0.wp.com\\\/artigosdiarios.com.br\\\/wp-content\\\/uploads\\\/2025\\\/06\\\/Design-sem-nome-2-5.jpg?fit=600%2C400&ssl=1\",\"contentUrl\":\"https:\\\/\\\/i0.wp.com\\\/artigosdiarios.com.br\\\/wp-content\\\/uploads\\\/2025\\\/06\\\/Design-sem-nome-2-5.jpg?fit=600%2C400&ssl=1\",\"width\":600,\"height\":400,\"caption\":\"Dica de materiais que s\u00e3o utilizados para acabamentos externos na casa\"},{\"@type\":\"BreadcrumbList\",\"@id\":\"https:\\\/\\\/artigosdiarios.com.br\\\/dica-de-materiais-que-sao-utilizados-para-acabamentos-externos\\\/#breadcrumb\",\"itemListElement\":[{\"@type\":\"ListItem\",\"position\":1,\"name\":\"Artigos Di\u00e1rios\",\"item\":\"https:\\\/\\\/artigosdiarios.com.br\\\/\"},{\"@type\":\"ListItem\",\"position\":2,\"name\":\"Dica de materiais que s\u00e3o utilizados para acabamentos externos na casa\ud83c\udfe1\"}]},{\"@type\":\"WebSite\",\"@id\":\"https:\\\/\\\/artigosdiarios.com.br\\\/#website\",\"url\":\"https:\\\/\\\/artigosdiarios.com.br\\\/\",\"name\":\"ARTIGOS DI\u00c1RIOS\",\"description\":\"\",\"publisher\":{\"@id\":\"https:\\\/\\\/artigosdiarios.com.br\\\/#organization\"},\"potentialAction\":[{\"@type\":\"SearchAction\",\"target\":{\"@type\":\"EntryPoint\",\"urlTemplate\":\"https:\\\/\\\/artigosdiarios.com.br\\\/?s={search_term_string}\"},\"query-input\":{\"@type\":\"PropertyValueSpecification\",\"valueRequired\":true,\"valueName\":\"search_term_string\"}}],\"inLanguage\":\"en-US\"},{\"@type\":\"Organization\",\"@id\":\"https:\\\/\\\/artigosdiarios.com.br\\\/#organization\",\"name\":\"ARTIGOS DI\u00c1RIOS\",\"url\":\"https:\\\/\\\/artigosdiarios.com.br\\\/\",\"logo\":{\"@type\":\"ImageObject\",\"inLanguage\":\"en-US\",\"@id\":\"https:\\\/\\\/artigosdiarios.com.br\\\/#\\\/schema\\\/logo\\\/image\\\/\",\"url\":\"https:\\\/\\\/artigosdiarios.com.br\\\/wp-content\\\/uploads\\\/2025\\\/04\\\/LOGO-REDONDA-DO-ARTIGOS-DIARIOS-vermelho-9.png\",\"contentUrl\":\"https:\\\/\\\/artigosdiarios.com.br\\\/wp-content\\\/uploads\\\/2025\\\/04\\\/LOGO-REDONDA-DO-ARTIGOS-DIARIOS-vermelho-9.png\",\"width\":500,\"height\":500,\"caption\":\"ARTIGOS DI\u00c1RIOS\"},\"image\":{\"@id\":\"https:\\\/\\\/artigosdiarios.com.br\\\/#\\\/schema\\\/logo\\\/image\\\/\"},\"sameAs\":[\"https:\\\/\\\/www.facebook.com\\\/profile.php?id=61555179724450\",\"https:\\\/\\\/x.com\\\/artigosdiarios\",\"https:\\\/\\\/www.instagram.com\\\/artigosdiarios27\\\/\",\"https:\\\/\\\/br.pinterest.com\\\/artigosdiarios\\\/\"]},{\"@type\":\"Person\",\"@id\":\"https:\\\/\\\/artigosdiarios.com.br\\\/#\\\/schema\\\/person\\\/6d64d4d5d58d3da0894ff484b11e6164\",\"name\":\"Emilio Vicente\",\"image\":{\"@type\":\"ImageObject\",\"inLanguage\":\"en-US\",\"@id\":\"https:\\\/\\\/artigosdiarios.com.br\\\/wp-content\\\/litespeed\\\/avatar\\\/43a8c136f579ec4c53a927c70bac9030.jpg?ver=1776711634\",\"url\":\"https:\\\/\\\/artigosdiarios.com.br\\\/wp-content\\\/litespeed\\\/avatar\\\/43a8c136f579ec4c53a927c70bac9030.jpg?ver=1776711634\",\"contentUrl\":\"https:\\\/\\\/artigosdiarios.com.br\\\/wp-content\\\/litespeed\\\/avatar\\\/43a8c136f579ec4c53a927c70bac9030.jpg?ver=1776711634\",\"caption\":\"Emilio Vicente\"},\"description\":\"Emilio de Vicente \u00e9 o autor e respons\u00e1vel pelos conte\u00fados do site Artigos Di\u00e1rios, trazendo informa\u00e7\u00f5es atualizadas, an\u00e1lises profundas e artigos relevantes sobre diversos temas do cotidiano relacionados a moveis multifuncionais para decora\u00e7\u00e3o de pequenos apartamentos.\",\"sameAs\":[\"https:\\\/\\\/artigosdiarios.com.br\"],\"url\":\"https:\\\/\\\/artigosdiarios.com.br\\\/en\\\/author\\\/emilio-vicente\\\/\"}]}<\/script>\n<!-- \/ Yoast SEO plugin. -->","yoast_head_json":{"title":"Dica de materiais que s\u00e3o utilizados para acabamentos externos","description":"Descubra os melhores materiais para acabamentos externos, com dicas de custo, durabilidade e manuten\u00e7\u00e3o para deixar sua casa bonita","robots":{"index":"index","follow":"follow","max-snippet":"max-snippet:-1","max-image-preview":"max-image-preview:large","max-video-preview":"max-video-preview:-1"},"canonical":"https:\/\/artigosdiarios.com.br\/en\/dica-de-materiais-que-sao-utilizados-para-acabamentos-externos\/","og_locale":"en_US","og_type":"article","og_title":"Dica de materiais que s\u00e3o utilizados para acabamentos externos","og_description":"Descubra os melhores materiais para acabamentos externos, com dicas de custo, durabilidade e manuten\u00e7\u00e3o para deixar sua casa bonita","og_url":"https:\/\/artigosdiarios.com.br\/en\/dica-de-materiais-que-sao-utilizados-para-acabamentos-externos\/","article_publisher":"https:\/\/www.facebook.com\/profile.php?id=61555179724450","article_published_time":"2025-06-09T21:12:19+00:00","article_modified_time":"2025-06-09T21:12:26+00:00","og_image":[{"width":600,"height":400,"url":"https:\/\/artigosdiarios.com.br\/wp-content\/uploads\/2025\/06\/Design-sem-nome-2-5.jpg","type":"image\/jpeg"}],"author":"Emilio Vicente","twitter_card":"summary_large_image","twitter_creator":"@artigosdiarios","twitter_site":"@artigosdiarios","twitter_misc":{"Written by":"Emilio Vicente","Est. reading time":"6 minutes"},"schema":{"@context":"https:\/\/schema.org","@graph":[{"@type":"Article","@id":"https:\/\/artigosdiarios.com.br\/dica-de-materiais-que-sao-utilizados-para-acabamentos-externos\/#article","isPartOf":{"@id":"https:\/\/artigosdiarios.com.br\/dica-de-materiais-que-sao-utilizados-para-acabamentos-externos\/"},"author":{"name":"Emilio Vicente","@id":"https:\/\/artigosdiarios.com.br\/#\/schema\/person\/6d64d4d5d58d3da0894ff484b11e6164"},"headline":"Dica de materiais que s\u00e3o utilizados para acabamentos externos na casa\ud83c\udfe1","datePublished":"2025-06-09T21:12:19+00:00","dateModified":"2025-06-09T21:12:26+00:00","mainEntityOfPage":{"@id":"https:\/\/artigosdiarios.com.br\/dica-de-materiais-que-sao-utilizados-para-acabamentos-externos\/"},"wordCount":1073,"commentCount":1,"publisher":{"@id":"https:\/\/artigosdiarios.com.br\/#organization"},"image":{"@id":"https:\/\/artigosdiarios.com.br\/dica-de-materiais-que-sao-utilizados-para-acabamentos-externos\/#primaryimage"},"thumbnailUrl":"https:\/\/i0.wp.com\/artigosdiarios.com.br\/wp-content\/uploads\/2025\/06\/Design-sem-nome-2-5.jpg?fit=600%2C400&ssl=1","keywords":["acabamentos externos"],"articleSection":["Diversos"],"inLanguage":"en-US","potentialAction":[{"@type":"CommentAction","name":"Comment","target":["https:\/\/artigosdiarios.com.br\/dica-de-materiais-que-sao-utilizados-para-acabamentos-externos\/#respond"]}]},{"@type":"WebPage","@id":"https:\/\/artigosdiarios.com.br\/dica-de-materiais-que-sao-utilizados-para-acabamentos-externos\/","url":"https:\/\/artigosdiarios.com.br\/dica-de-materiais-que-sao-utilizados-para-acabamentos-externos\/","name":"Dica de materiais que s\u00e3o utilizados para acabamentos externos","isPartOf":{"@id":"https:\/\/artigosdiarios.com.br\/#website"},"primaryImageOfPage":{"@id":"https:\/\/artigosdiarios.com.br\/dica-de-materiais-que-sao-utilizados-para-acabamentos-externos\/#primaryimage"},"image":{"@id":"https:\/\/artigosdiarios.com.br\/dica-de-materiais-que-sao-utilizados-para-acabamentos-externos\/#primaryimage"},"thumbnailUrl":"https:\/\/i0.wp.com\/artigosdiarios.com.br\/wp-content\/uploads\/2025\/06\/Design-sem-nome-2-5.jpg?fit=600%2C400&ssl=1","datePublished":"2025-06-09T21:12:19+00:00","dateModified":"2025-06-09T21:12:26+00:00","description":"Descubra os melhores materiais para acabamentos externos, com dicas de custo, durabilidade e manuten\u00e7\u00e3o para deixar sua casa bonita","breadcrumb":{"@id":"https:\/\/artigosdiarios.com.br\/dica-de-materiais-que-sao-utilizados-para-acabamentos-externos\/#breadcrumb"},"inLanguage":"en-US","potentialAction":[{"@type":"ReadAction","target":["https:\/\/artigosdiarios.com.br\/dica-de-materiais-que-sao-utilizados-para-acabamentos-externos\/"]}]},{"@type":"ImageObject","inLanguage":"en-US","@id":"https:\/\/artigosdiarios.com.br\/dica-de-materiais-que-sao-utilizados-para-acabamentos-externos\/#primaryimage","url":"https:\/\/i0.wp.com\/artigosdiarios.com.br\/wp-content\/uploads\/2025\/06\/Design-sem-nome-2-5.jpg?fit=600%2C400&ssl=1","contentUrl":"https:\/\/i0.wp.com\/artigosdiarios.com.br\/wp-content\/uploads\/2025\/06\/Design-sem-nome-2-5.jpg?fit=600%2C400&ssl=1","width":600,"height":400,"caption":"Dica de materiais que s\u00e3o utilizados para acabamentos externos na casa"},{"@type":"BreadcrumbList","@id":"https:\/\/artigosdiarios.com.br\/dica-de-materiais-que-sao-utilizados-para-acabamentos-externos\/#breadcrumb","itemListElement":[{"@type":"ListItem","position":1,"name":"Artigos Di\u00e1rios","item":"https:\/\/artigosdiarios.com.br\/"},{"@type":"ListItem","position":2,"name":"Dica de materiais que s\u00e3o utilizados para acabamentos externos na casa\ud83c\udfe1"}]},{"@type":"WebSite","@id":"https:\/\/artigosdiarios.com.br\/#website","url":"https:\/\/artigosdiarios.com.br\/","name":"ARTIGOS DI\u00c1RIOS","description":"","publisher":{"@id":"https:\/\/artigosdiarios.com.br\/#organization"},"potentialAction":[{"@type":"SearchAction","target":{"@type":"EntryPoint","urlTemplate":"https:\/\/artigosdiarios.com.br\/?s={search_term_string}"},"query-input":{"@type":"PropertyValueSpecification","valueRequired":true,"valueName":"search_term_string"}}],"inLanguage":"en-US"},{"@type":"Organization","@id":"https:\/\/artigosdiarios.com.br\/#organization","name":"ARTIGOS DI\u00c1RIOS","url":"https:\/\/artigosdiarios.com.br\/","logo":{"@type":"ImageObject","inLanguage":"en-US","@id":"https:\/\/artigosdiarios.com.br\/#\/schema\/logo\/image\/","url":"https:\/\/artigosdiarios.com.br\/wp-content\/uploads\/2025\/04\/LOGO-REDONDA-DO-ARTIGOS-DIARIOS-vermelho-9.png","contentUrl":"https:\/\/artigosdiarios.com.br\/wp-content\/uploads\/2025\/04\/LOGO-REDONDA-DO-ARTIGOS-DIARIOS-vermelho-9.png","width":500,"height":500,"caption":"ARTIGOS DI\u00c1RIOS"},"image":{"@id":"https:\/\/artigosdiarios.com.br\/#\/schema\/logo\/image\/"},"sameAs":["https:\/\/www.facebook.com\/profile.php?id=61555179724450","https:\/\/x.com\/artigosdiarios","https:\/\/www.instagram.com\/artigosdiarios27\/","https:\/\/br.pinterest.com\/artigosdiarios\/"]},{"@type":"Person","@id":"https:\/\/artigosdiarios.com.br\/#\/schema\/person\/6d64d4d5d58d3da0894ff484b11e6164","name":"Emilio Vicente","image":{"@type":"ImageObject","inLanguage":"en-US","@id":"https:\/\/artigosdiarios.com.br\/wp-content\/litespeed\/avatar\/43a8c136f579ec4c53a927c70bac9030.jpg?ver=1776711634","url":"https:\/\/artigosdiarios.com.br\/wp-content\/litespeed\/avatar\/43a8c136f579ec4c53a927c70bac9030.jpg?ver=1776711634","contentUrl":"https:\/\/artigosdiarios.com.br\/wp-content\/litespeed\/avatar\/43a8c136f579ec4c53a927c70bac9030.jpg?ver=1776711634","caption":"Emilio Vicente"},"description":"Emilio de Vicente \u00e9 o autor e respons\u00e1vel pelos conte\u00fados do site Artigos Di\u00e1rios, trazendo informa\u00e7\u00f5es atualizadas, an\u00e1lises profundas e artigos relevantes sobre diversos temas do cotidiano relacionados a moveis multifuncionais para decora\u00e7\u00e3o de pequenos apartamentos.","sameAs":["https:\/\/artigosdiarios.com.br"],"url":"https:\/\/artigosdiarios.com.br\/en\/author\/emilio-vicente\/"}]}},"jetpack_publicize_connections":[],"jetpack_featured_media_url":"https:\/\/i0.wp.com\/artigosdiarios.com.br\/wp-content\/uploads\/2025\/06\/Design-sem-nome-2-5.jpg?fit=600%2C400&ssl=1","jetpack_sharing_enabled":true,"jetpack_likes_enabled":true,"jetpack-related-posts":[],"_links":{"self":[{"href":"https:\/\/artigosdiarios.com.br\/en\/wp-json\/wp\/v2\/posts\/1049","targetHints":{"allow":["GET"]}}],"collection":[{"href":"https:\/\/artigosdiarios.com.br\/en\/wp-json\/wp\/v2\/posts"}],"about":[{"href":"https:\/\/artigosdiarios.com.br\/en\/wp-json\/wp\/v2\/types\/post"}],"author":[{"embeddable":true,"href":"https:\/\/artigosdiarios.com.br\/en\/wp-json\/wp\/v2\/users\/1"}],"replies":[{"embeddable":true,"href":"https:\/\/artigosdiarios.com.br\/en\/wp-json\/wp\/v2\/comments?post=1049"}],"version-history":[{"count":1,"href":"https:\/\/artigosdiarios.com.br\/en\/wp-json\/wp\/v2\/posts\/1049\/revisions"}],"predecessor-version":[{"id":1053,"href":"https:\/\/artigosdiarios.com.br\/en\/wp-json\/wp\/v2\/posts\/1049\/revisions\/1053"}],"wp:featuredmedia":[{"embeddable":true,"href":"https:\/\/artigosdiarios.com.br\/en\/wp-json\/wp\/v2\/media\/1051"}],"wp:attachment":[{"href":"https:\/\/artigosdiarios.com.br\/en\/wp-json\/wp\/v2\/media?parent=1049"}],"wp:term":[{"taxonomy":"category","embeddable":true,"href":"https:\/\/artigosdiarios.com.br\/en\/wp-json\/wp\/v2\/categories?post=1049"},{"taxonomy":"post_tag","embeddable":true,"href":"https:\/\/artigosdiarios.com.br\/en\/wp-json\/wp\/v2\/tags?post=1049"}],"curies":[{"name":"wp","href":"https:\/\/api.w.org\/{rel}","templated":true}]}}