{"id":1224,"date":"2025-06-21T11:48:37","date_gmt":"2025-06-21T14:48:37","guid":{"rendered":"https:\/\/artigosdiarios.com.br\/?p=1224"},"modified":"2025-06-21T11:48:42","modified_gmt":"2025-06-21T14:48:42","slug":"transforme-a-sala-com-estilo-living-room-interior-design","status":"publish","type":"post","link":"https:\/\/artigosdiarios.com.br\/en\/transforme-a-sala-com-estilo-living-room-interior-design\/","title":{"rendered":"Transforme a Sala com Estilo: Living Room Interior Design"},"content":{"rendered":"<p>A sala de estar \u00e9 o cora\u00e7\u00e3o de uma casa. <\/p>\n\n\n\n<p>\u00c9 onde recebemos visitas, relaxamos ap\u00f3s um longo dia e criamos momentos em fam\u00edlia. Por isso, o design de interiores desse ambiente merece aten\u00e7\u00e3o especial. <\/p>\n\n\n\n<p>A boa not\u00edcia \u00e9 que, com escolhas acertadas e um toque criativo, \u00e9 poss\u00edvel transformar a sua sala com estilo sem gastar fortunas.<\/p>\n\n\n\n<p>Neste artigo, voc\u00ea vai aprender como deixar sua sala mais funcional, aconchegante e visualmente impactante. <\/p>\n\n\n\n<p>Confira dicas pr\u00e1ticas, ideias inspiradoras e um passo a passo para renovar completamente esse espa\u00e7o t\u00e3o importante.<\/p>\n\n\n\n<h2 class=\"wp-block-heading\">\ud83c\udfa8 A Import\u00e2ncia do Design na Sala de Estar<\/h2>\n\n\n\n<p>O <a href=\"https:\/\/artigosdiarios.com.br\/en\/encontre-um-designer-de-interiores-perto-de-voce\/\" target=\"_blank\" rel=\"noreferrer noopener\">design de interiores<\/a> n\u00e3o se limita \u00e0 est\u00e9tica. <\/p>\n\n\n\n<p>Ele impacta diretamente o conforto, a funcionalidade e at\u00e9 mesmo o humor dos moradores. Uma sala bem planejada:<\/p>\n\n\n\n<ul class=\"wp-block-list\">\n<li>Facilita a circula\u00e7\u00e3o;<\/li>\n\n\n\n<li>Valoriza a ilumina\u00e7\u00e3o natural;<\/li>\n\n\n\n<li>Harmoniza cores e texturas;<\/li>\n\n\n\n<li>Proporciona sensa\u00e7\u00e3o de acolhimento;<\/li>\n\n\n\n<li>Reflete a personalidade dos donos da casa.<\/li>\n<\/ul>\n\n\n\n<p>A transforma\u00e7\u00e3o do living come\u00e7a com o entendimento de como cada elemento se comunica dentro do ambiente. <\/p>\n\n\n\n<p>M\u00f3veis, ilumina\u00e7\u00e3o, paleta de cores, objetos decorativos e disposi\u00e7\u00e3o espacial s\u00e3o pe\u00e7as fundamentais desse quebra-cabe\u00e7a.<\/p>\n\n\n\n<h2 class=\"wp-block-heading\">\ud83e\ude91 Escolha dos M\u00f3veis: Conforto com Eleg\u00e2ncia<\/h2>\n\n\n\n<h3 class=\"wp-block-heading\">Sof\u00e1s e Poltronas<\/h3>\n\n\n\n<p>O sof\u00e1 \u00e9 a pe\u00e7a central da sala. <\/p>\n\n\n\n<p>Modelos com linhas retas e tecidos neutros combinam com praticamente qualquer estilo. Se o espa\u00e7o permitir, adicione uma poltrona com design ousado para criar contraste.<\/p>\n\n\n\n<p><strong>Dica:<\/strong> priorize modelos com tecidos lav\u00e1veis, especialmente em casas com crian\u00e7as ou pets.<\/p>\n\n\n\n<h3 class=\"wp-block-heading\">Mesas de Centro e Laterais<\/h3>\n\n\n\n<p>As mesas auxiliam na funcionalidade e na est\u00e9tica. Escolha modelos proporcionais ao tamanho da sala e que ofere\u00e7am praticidade no dia a dia. Uma bandeja decorativa, livros e um vaso s\u00e3o \u00f3timos complementos.<\/p>\n\n\n\n<h3 class=\"wp-block-heading\">Estantes e Pain\u00e9is<\/h3>\n\n\n\n<p>Estantes abertas s\u00e3o ideais para exibir livros e objetos decorativos. Pain\u00e9is para TV otimizam espa\u00e7o e mant\u00eam os fios organizados. Se poss\u00edvel, invista em m\u00f3veis planejados para aproveitar cada cent\u00edmetro.<\/p>\n\n\n\n<h2 class=\"wp-block-heading\">\ud83c\udf08 Paleta de Cores: O Segredo da Harmonia<\/h2>\n\n\n\n<p>A escolha das cores define o clima do ambiente. Tons claros ampliam visualmente o espa\u00e7o, enquanto cores escuras trazem sofistica\u00e7\u00e3o.<\/p>\n\n\n\n<h3 class=\"wp-block-heading\">Combina\u00e7\u00f5es em Alta<\/h3>\n\n\n\n<ul class=\"wp-block-list\">\n<li><strong>Neutros com pontos de cor:<\/strong> branco, bege e cinza ganham vida com almofadas azuis, tapetes laranjas ou quadros coloridos.<\/li>\n\n\n\n<li><strong>Tons terrosos:<\/strong> marrons, verdes e ocres trazem sensa\u00e7\u00e3o de natureza e acolhimento.<\/li>\n\n\n\n<li><strong>Preto e dourado:<\/strong> eleg\u00e2ncia e ousadia na medida certa.<\/li>\n<\/ul>\n\n\n\n<p>Use a teoria das cores a seu favor e combine tons complementares para criar equil\u00edbrio visual.<\/p>\n\n\n\n<h2 class=\"wp-block-heading\">\ud83d\udca1 Ilumina\u00e7\u00e3o: Luz \u00e9 Design<\/h2>\n\n\n\n<p>A ilumina\u00e7\u00e3o correta transforma o ambiente. Aposte em diferentes fontes de luz:<\/p>\n\n\n\n<h3 class=\"wp-block-heading\">Luz natural<\/h3>\n\n\n\n<p>Valorize ao m\u00e1ximo. Use cortinas leves e opte por m\u00f3veis que n\u00e3o bloqueiem as janelas.<\/p>\n\n\n\n<h3 class=\"wp-block-heading\">Ilumina\u00e7\u00e3o artificial<\/h3>\n\n\n\n<ul class=\"wp-block-list\">\n<li><strong>Luz geral:<\/strong> lustres ou plafons que iluminam todo o ambiente.<\/li>\n\n\n\n<li><strong>Luz de destaque:<\/strong> spots ou trilhos direcion\u00e1veis que valorizam quadros, nichos ou plantas.<\/li>\n\n\n\n<li><strong>Luz ambiente:<\/strong> abajures e lumin\u00e1rias de ch\u00e3o criam cantinhos aconchegantes.<\/li>\n<\/ul>\n\n\n\n<p>\ud83d\udca1 <strong>Sugest\u00e3o:<\/strong> l\u00e2mpadas de temperatura amarelada proporcionam conforto visual \u00e0 noite.<\/p>\n\n\n\n<h2 class=\"wp-block-heading\">\ud83d\uddbc\ufe0f Quadros, Tapetes e Detalhes que Encantam<\/h2>\n\n\n\n<h3 class=\"wp-block-heading\">Arte nas Paredes<\/h3>\n\n\n\n<p>Quadros com molduras modernas, fotografias em preto e branco ou pinturas abstratas personalizam a sala. Posicione-os na altura dos olhos ou componha uma galeria com diferentes tamanhos.<\/p>\n\n\n\n<h3 class=\"wp-block-heading\">Tapetes<\/h3>\n\n\n\n<p>Al\u00e9m de confort\u00e1veis, delimitam espa\u00e7os. Um bom tapete deve abra\u00e7ar o sof\u00e1 e os m\u00f3veis principais.<\/p>\n\n\n\n<h3 class=\"wp-block-heading\">Plantas<\/h3>\n\n\n\n<p>Esp\u00e9cies como jiboia, zamioculca e espada-de-s\u00e3o-jorge s\u00e3o f\u00e1ceis de cuidar e d\u00e3o vida ao ambiente. Use vasos de diferentes alturas e texturas.<\/p>\n\n\n\n<h2 class=\"wp-block-heading\">\ud83e\udded Passo a Passo: Como Transformar sua Sala<\/h2>\n\n\n\n<h3 class=\"wp-block-heading\">1. Avalie o Espa\u00e7o<\/h3>\n\n\n\n<p>Tire medidas do ambiente e identifique pontos de luz, entradas de ar e obst\u00e1culos. Isso evitar\u00e1 compras erradas e garantir\u00e1 um layout funcional.<\/p>\n\n\n\n<h3 class=\"wp-block-heading\">2. Defina o Estilo<\/h3>\n\n\n\n<p>Minimalista, escandinavo, r\u00fastico, industrial, cl\u00e1ssico ou boho? Escolher um estilo norteia todas as decis\u00f5es seguintes.<\/p>\n\n\n\n<h3 class=\"wp-block-heading\">3. Monte a Paleta de Cores<\/h3>\n\n\n\n<p>Escolha uma base neutra e adicione cores secund\u00e1rias que reflitam sua personalidade. Use simuladores online de paletas para testar combina\u00e7\u00f5es.<\/p>\n\n\n\n<h3 class=\"wp-block-heading\">4. Escolha os M\u00f3veis Principais<\/h3>\n\n\n\n<p>Comece pelo sof\u00e1. Em seguida, adicione mesa de centro, estantes, aparadores e poltronas. Lembre-se: menos \u00e9 mais.<\/p>\n\n\n\n<h3 class=\"wp-block-heading\">5. Planeje a Ilumina\u00e7\u00e3o<\/h3>\n\n\n\n<p>Crie camadas de luz. Instale dimerizadores se poss\u00edvel. Luzes indiretas \u00e0 noite transformam a sala em um ref\u00fagio relaxante.<\/p>\n\n\n\n<h3 class=\"wp-block-heading\">6. Decore com Inten\u00e7\u00e3o<\/h3>\n\n\n\n<p>Inclua almofadas, mantas, livros, velas arom\u00e1ticas e plantas. Mas cuidado com o excesso. Deixe que os itens respirem no espa\u00e7o.<\/p>\n\n\n\n<h3 class=\"wp-block-heading\">7. Avalie e Ajuste<\/h3>\n\n\n\n<p>Viva a nova sala por alguns dias e fa\u00e7a ajustes. \u00c0s vezes, pequenas mudan\u00e7as de posi\u00e7\u00e3o fazem grande diferen\u00e7a.<\/p>\n\n\n\n<h2 class=\"wp-block-heading\">\ud83d\udecb\ufe0f Estilos de Sala para se Inspirar<\/h2>\n\n\n\n<h3 class=\"wp-block-heading\">Estilo Escandinavo<\/h3>\n\n\n\n<p>Caracteriza-se por linhas limpas, cores neutras e madeira clara. Ambientes com esse estilo s\u00e3o iluminados e acolhedores.<\/p>\n\n\n\n<h3 class=\"wp-block-heading\">Estilo Industrial<\/h3>\n\n\n\n<p>Tijolos aparentes, tubula\u00e7\u00f5es expostas e tons escuros marcam esse estilo urbano. Ideal para espa\u00e7os com p\u00e9-direito alto.<\/p>\n\n\n\n<h3 class=\"wp-block-heading\">Estilo Boho Chic<\/h3>\n\n\n\n<p>Mistura cores, estampas e culturas. Ideal para quem gosta de ousar com tecidos \u00e9tnicos, plantas e objetos garimpados.<\/p>\n\n\n\n<figure class=\"wp-block-image size-large\"><img data-recalc-dims=\"1\" fetchpriority=\"high\" decoding=\"async\" width=\"960\" height=\"540\" src=\"https:\/\/i0.wp.com\/artigosdiarios.com.br\/wp-content\/uploads\/2025\/06\/Design-sem-nome-48.jpg?resize=960%2C540&#038;ssl=1\" alt=\"Transforme a Sala com Estilo: Living Room Interior Design\" class=\"wp-image-1226\" srcset=\"https:\/\/i0.wp.com\/artigosdiarios.com.br\/wp-content\/uploads\/2025\/06\/Design-sem-nome-48.jpg?resize=1024%2C576&amp;ssl=1 1024w, https:\/\/i0.wp.com\/artigosdiarios.com.br\/wp-content\/uploads\/2025\/06\/Design-sem-nome-48.jpg?resize=300%2C169&amp;ssl=1 300w, https:\/\/i0.wp.com\/artigosdiarios.com.br\/wp-content\/uploads\/2025\/06\/Design-sem-nome-48.jpg?resize=768%2C432&amp;ssl=1 768w, https:\/\/i0.wp.com\/artigosdiarios.com.br\/wp-content\/uploads\/2025\/06\/Design-sem-nome-48.jpg?resize=18%2C10&amp;ssl=1 18w, https:\/\/i0.wp.com\/artigosdiarios.com.br\/wp-content\/uploads\/2025\/06\/Design-sem-nome-48.jpg?resize=150%2C84&amp;ssl=1 150w, https:\/\/i0.wp.com\/artigosdiarios.com.br\/wp-content\/uploads\/2025\/06\/Design-sem-nome-48.jpg?w=1280&amp;ssl=1 1280w\" sizes=\"(max-width: 960px) 100vw, 960px\" \/><\/figure>\n\n\n\n<h2 class=\"wp-block-heading\">\ud83d\udd17 Onde Buscar Inspira\u00e7\u00e3o e Itens com Bom Custo-Benef\u00edcio?<\/h2>\n\n\n\n<p>Se voc\u00ea busca refer\u00eancias visuais e ideias pr\u00e1ticas, sites como o <a href=\"https:\/\/www.pinterest.com\/\" target=\"_blank\" rel=\"noreferrer noopener\">Pinterest<\/a> s\u00e3o excelentes fontes. J\u00e1 para m\u00f3veis e acess\u00f3rios com bom custo-benef\u00edcio, marcas como Tok&amp;Stok, Etna e Mobly oferecem linhas modernas e funcionais com entrega em todo o Brasil.<\/p>\n\n\n\n<h2 class=\"wp-block-heading\">\u2728 Viva sua Sala, Viva seu Estilo<\/h2>\n\n\n\n<p>Transformar a sala de estar n\u00e3o \u00e9 apenas mudar a apar\u00eancia do ambiente. <\/p>\n\n\n\n<p>\u00c9 renovar o dia a dia, resgatar o prazer de estar em casa e criar um espa\u00e7o que acolhe, inspira e representa quem voc\u00ea \u00e9. <\/p>\n\n\n\n<p>Com escolhas bem pensadas, mesmo um canto simples pode se tornar extraordin\u00e1rio.<\/p>\n\n\n\n<p>Agora que voc\u00ea conhece as principais etapas e dicas, chegou o momento de colocar a m\u00e3o na massa ou melhor, no tecido, no tapete, no quadro e nas almofadas. <\/p>\n\n\n\n<p>D\u00ea vida \u00e0 sua sala com estilo, prop\u00f3sito e conforto.<\/p>\n\n\n\n<p>E lembre-se: sua casa \u00e9 uma extens\u00e3o da sua hist\u00f3ria. <\/p>\n\n\n\n<p>Fa\u00e7a dela um lugar onde voc\u00ea se reconhe\u00e7a e se sinta bem todos os dias.<\/p>\n\n\n\n<p><\/p>","protected":false},"excerpt":{"rendered":"<p>A sala de estar \u00e9 o cora\u00e7\u00e3o de uma casa. \u00c9 onde recebemos visitas, relaxamos ap\u00f3s um longo dia e criamos momentos em fam\u00edlia. Por isso, o design de interiores desse ambiente merece aten\u00e7\u00e3o especial. A boa not\u00edcia \u00e9 que, com escolhas acertadas e um toque criativo, \u00e9 poss\u00edvel transformar a sua sala com estilo<\/p>","protected":false},"author":1,"featured_media":1225,"comment_status":"open","ping_status":"open","sticky":false,"template":"","format":"standard","meta":{"jetpack_post_was_ever_published":false,"_jetpack_newsletter_access":"","_jetpack_dont_email_post_to_subs":false,"_jetpack_newsletter_tier_id":0,"_jetpack_memberships_contains_paywalled_content":false,"_jetpack_memberships_contains_paid_content":false,"footnotes":"","jetpack_publicize_message":"","jetpack_publicize_feature_enabled":true,"jetpack_social_post_already_shared":true,"jetpack_social_options":{"image_generator_settings":{"template":"highway","default_image_id":0,"font":"","enabled":false},"version":2}},"categories":[27],"tags":[149],"class_list":["post-1224","post","type-post","status-publish","format-standard","has-post-thumbnail","hentry","category-sob-medida","tag-transforme-a-sala-com-estilo-living-room-interior-design"],"yoast_head":"<!-- This site is optimized with the Yoast SEO plugin v27.4 - https:\/\/yoast.com\/product\/yoast-seo-wordpress\/ -->\n<title>Transforme a Sala com Estilo: Living Room Interior Design<\/title>\n<meta name=\"description\" content=\"Descubra como transformar sua sala com estilo usando t\u00e9cnicas de design de interiores. Veja dicas pr\u00e1ticas, passo a passo e ideias criativas\" \/>\n<meta name=\"robots\" content=\"index, follow, max-snippet:-1, max-image-preview:large, max-video-preview:-1\" \/>\n<link rel=\"canonical\" href=\"https:\/\/artigosdiarios.com.br\/en\/transforme-a-sala-com-estilo-living-room-interior-design\/\" \/>\n<meta property=\"og:locale\" content=\"en_US\" \/>\n<meta property=\"og:type\" content=\"article\" \/>\n<meta property=\"og:title\" content=\"Transforme a Sala com Estilo: Living Room Interior Design\" \/>\n<meta property=\"og:description\" content=\"Descubra como transformar sua sala com estilo usando t\u00e9cnicas de design de interiores. Veja dicas pr\u00e1ticas, passo a passo e ideias criativas\" \/>\n<meta property=\"og:url\" content=\"https:\/\/artigosdiarios.com.br\/en\/transforme-a-sala-com-estilo-living-room-interior-design\/\" \/>\n<meta property=\"article:publisher\" content=\"https:\/\/www.facebook.com\/profile.php?id=61555179724450\" \/>\n<meta property=\"article:published_time\" content=\"2025-06-21T14:48:37+00:00\" \/>\n<meta property=\"article:modified_time\" content=\"2025-06-21T14:48:42+00:00\" \/>\n<meta property=\"og:image\" content=\"https:\/\/artigosdiarios.com.br\/wp-content\/uploads\/2025\/06\/Design-sem-nome-47.jpg\" \/>\n\t<meta property=\"og:image:width\" content=\"1280\" \/>\n\t<meta property=\"og:image:height\" content=\"720\" \/>\n\t<meta property=\"og:image:type\" content=\"image\/jpeg\" \/>\n<meta name=\"author\" content=\"Emilio Vicente\" \/>\n<meta name=\"twitter:card\" content=\"summary_large_image\" \/>\n<meta name=\"twitter:creator\" content=\"@artigosdiarios\" \/>\n<meta name=\"twitter:site\" content=\"@artigosdiarios\" \/>\n<meta name=\"twitter:label1\" content=\"Written by\" \/>\n\t<meta name=\"twitter:data1\" content=\"Emilio Vicente\" \/>\n\t<meta name=\"twitter:label2\" content=\"Est. reading time\" \/>\n\t<meta name=\"twitter:data2\" content=\"6 minutes\" \/>\n<script type=\"application\/ld+json\" class=\"yoast-schema-graph\">{\"@context\":\"https:\\\/\\\/schema.org\",\"@graph\":[{\"@type\":\"Article\",\"@id\":\"https:\\\/\\\/artigosdiarios.com.br\\\/transforme-a-sala-com-estilo-living-room-interior-design\\\/#article\",\"isPartOf\":{\"@id\":\"https:\\\/\\\/artigosdiarios.com.br\\\/transforme-a-sala-com-estilo-living-room-interior-design\\\/\"},\"author\":{\"name\":\"Emilio Vicente\",\"@id\":\"https:\\\/\\\/artigosdiarios.com.br\\\/#\\\/schema\\\/person\\\/6d64d4d5d58d3da0894ff484b11e6164\"},\"headline\":\"Transforme a Sala com Estilo: Living Room Interior Design\",\"datePublished\":\"2025-06-21T14:48:37+00:00\",\"dateModified\":\"2025-06-21T14:48:42+00:00\",\"mainEntityOfPage\":{\"@id\":\"https:\\\/\\\/artigosdiarios.com.br\\\/transforme-a-sala-com-estilo-living-room-interior-design\\\/\"},\"wordCount\":1046,\"commentCount\":0,\"publisher\":{\"@id\":\"https:\\\/\\\/artigosdiarios.com.br\\\/#organization\"},\"image\":{\"@id\":\"https:\\\/\\\/artigosdiarios.com.br\\\/transforme-a-sala-com-estilo-living-room-interior-design\\\/#primaryimage\"},\"thumbnailUrl\":\"https:\\\/\\\/i0.wp.com\\\/artigosdiarios.com.br\\\/wp-content\\\/uploads\\\/2025\\\/06\\\/Design-sem-nome-47.jpg?fit=1280%2C720&ssl=1\",\"keywords\":[\"Transforme a Sala com Estilo: Living Room Interior Design\"],\"articleSection\":[\"Sob Medida\"],\"inLanguage\":\"en-US\",\"potentialAction\":[{\"@type\":\"CommentAction\",\"name\":\"Comment\",\"target\":[\"https:\\\/\\\/artigosdiarios.com.br\\\/transforme-a-sala-com-estilo-living-room-interior-design\\\/#respond\"]}]},{\"@type\":\"WebPage\",\"@id\":\"https:\\\/\\\/artigosdiarios.com.br\\\/transforme-a-sala-com-estilo-living-room-interior-design\\\/\",\"url\":\"https:\\\/\\\/artigosdiarios.com.br\\\/transforme-a-sala-com-estilo-living-room-interior-design\\\/\",\"name\":\"Transforme a Sala com Estilo: Living Room Interior Design\",\"isPartOf\":{\"@id\":\"https:\\\/\\\/artigosdiarios.com.br\\\/#website\"},\"primaryImageOfPage\":{\"@id\":\"https:\\\/\\\/artigosdiarios.com.br\\\/transforme-a-sala-com-estilo-living-room-interior-design\\\/#primaryimage\"},\"image\":{\"@id\":\"https:\\\/\\\/artigosdiarios.com.br\\\/transforme-a-sala-com-estilo-living-room-interior-design\\\/#primaryimage\"},\"thumbnailUrl\":\"https:\\\/\\\/i0.wp.com\\\/artigosdiarios.com.br\\\/wp-content\\\/uploads\\\/2025\\\/06\\\/Design-sem-nome-47.jpg?fit=1280%2C720&ssl=1\",\"datePublished\":\"2025-06-21T14:48:37+00:00\",\"dateModified\":\"2025-06-21T14:48:42+00:00\",\"description\":\"Descubra como transformar sua sala com estilo usando t\u00e9cnicas de design de interiores. Veja dicas pr\u00e1ticas, passo a passo e ideias criativas\",\"breadcrumb\":{\"@id\":\"https:\\\/\\\/artigosdiarios.com.br\\\/transforme-a-sala-com-estilo-living-room-interior-design\\\/#breadcrumb\"},\"inLanguage\":\"en-US\",\"potentialAction\":[{\"@type\":\"ReadAction\",\"target\":[\"https:\\\/\\\/artigosdiarios.com.br\\\/transforme-a-sala-com-estilo-living-room-interior-design\\\/\"]}]},{\"@type\":\"ImageObject\",\"inLanguage\":\"en-US\",\"@id\":\"https:\\\/\\\/artigosdiarios.com.br\\\/transforme-a-sala-com-estilo-living-room-interior-design\\\/#primaryimage\",\"url\":\"https:\\\/\\\/i0.wp.com\\\/artigosdiarios.com.br\\\/wp-content\\\/uploads\\\/2025\\\/06\\\/Design-sem-nome-47.jpg?fit=1280%2C720&ssl=1\",\"contentUrl\":\"https:\\\/\\\/i0.wp.com\\\/artigosdiarios.com.br\\\/wp-content\\\/uploads\\\/2025\\\/06\\\/Design-sem-nome-47.jpg?fit=1280%2C720&ssl=1\",\"width\":1280,\"height\":720,\"caption\":\"Transforme a Sala com Estilo: Living Room Interior Design\"},{\"@type\":\"BreadcrumbList\",\"@id\":\"https:\\\/\\\/artigosdiarios.com.br\\\/transforme-a-sala-com-estilo-living-room-interior-design\\\/#breadcrumb\",\"itemListElement\":[{\"@type\":\"ListItem\",\"position\":1,\"name\":\"Artigos Di\u00e1rios\",\"item\":\"https:\\\/\\\/artigosdiarios.com.br\\\/\"},{\"@type\":\"ListItem\",\"position\":2,\"name\":\"Transforme a Sala com Estilo: Living Room Interior Design\"}]},{\"@type\":\"WebSite\",\"@id\":\"https:\\\/\\\/artigosdiarios.com.br\\\/#website\",\"url\":\"https:\\\/\\\/artigosdiarios.com.br\\\/\",\"name\":\"ARTIGOS DI\u00c1RIOS\",\"description\":\"\",\"publisher\":{\"@id\":\"https:\\\/\\\/artigosdiarios.com.br\\\/#organization\"},\"potentialAction\":[{\"@type\":\"SearchAction\",\"target\":{\"@type\":\"EntryPoint\",\"urlTemplate\":\"https:\\\/\\\/artigosdiarios.com.br\\\/?s={search_term_string}\"},\"query-input\":{\"@type\":\"PropertyValueSpecification\",\"valueRequired\":true,\"valueName\":\"search_term_string\"}}],\"inLanguage\":\"en-US\"},{\"@type\":\"Organization\",\"@id\":\"https:\\\/\\\/artigosdiarios.com.br\\\/#organization\",\"name\":\"ARTIGOS DI\u00c1RIOS\",\"url\":\"https:\\\/\\\/artigosdiarios.com.br\\\/\",\"logo\":{\"@type\":\"ImageObject\",\"inLanguage\":\"en-US\",\"@id\":\"https:\\\/\\\/artigosdiarios.com.br\\\/#\\\/schema\\\/logo\\\/image\\\/\",\"url\":\"https:\\\/\\\/artigosdiarios.com.br\\\/wp-content\\\/uploads\\\/2025\\\/04\\\/LOGO-REDONDA-DO-ARTIGOS-DIARIOS-vermelho-9.png\",\"contentUrl\":\"https:\\\/\\\/artigosdiarios.com.br\\\/wp-content\\\/uploads\\\/2025\\\/04\\\/LOGO-REDONDA-DO-ARTIGOS-DIARIOS-vermelho-9.png\",\"width\":500,\"height\":500,\"caption\":\"ARTIGOS DI\u00c1RIOS\"},\"image\":{\"@id\":\"https:\\\/\\\/artigosdiarios.com.br\\\/#\\\/schema\\\/logo\\\/image\\\/\"},\"sameAs\":[\"https:\\\/\\\/www.facebook.com\\\/profile.php?id=61555179724450\",\"https:\\\/\\\/x.com\\\/artigosdiarios\",\"https:\\\/\\\/www.instagram.com\\\/artigosdiarios27\\\/\",\"https:\\\/\\\/br.pinterest.com\\\/artigosdiarios\\\/\"]},{\"@type\":\"Person\",\"@id\":\"https:\\\/\\\/artigosdiarios.com.br\\\/#\\\/schema\\\/person\\\/6d64d4d5d58d3da0894ff484b11e6164\",\"name\":\"Emilio Vicente\",\"image\":{\"@type\":\"ImageObject\",\"inLanguage\":\"en-US\",\"@id\":\"https:\\\/\\\/artigosdiarios.com.br\\\/wp-content\\\/litespeed\\\/avatar\\\/43a8c136f579ec4c53a927c70bac9030.jpg?ver=1776711634\",\"url\":\"https:\\\/\\\/artigosdiarios.com.br\\\/wp-content\\\/litespeed\\\/avatar\\\/43a8c136f579ec4c53a927c70bac9030.jpg?ver=1776711634\",\"contentUrl\":\"https:\\\/\\\/artigosdiarios.com.br\\\/wp-content\\\/litespeed\\\/avatar\\\/43a8c136f579ec4c53a927c70bac9030.jpg?ver=1776711634\",\"caption\":\"Emilio Vicente\"},\"description\":\"Emilio de Vicente \u00e9 o autor e respons\u00e1vel pelos conte\u00fados do site Artigos Di\u00e1rios, trazendo informa\u00e7\u00f5es atualizadas, an\u00e1lises profundas e artigos relevantes sobre diversos temas do cotidiano relacionados a moveis multifuncionais para decora\u00e7\u00e3o de pequenos apartamentos.\",\"sameAs\":[\"https:\\\/\\\/artigosdiarios.com.br\"],\"url\":\"https:\\\/\\\/artigosdiarios.com.br\\\/en\\\/author\\\/emilio-vicente\\\/\"}]}<\/script>\n<!-- \/ Yoast SEO plugin. -->","yoast_head_json":{"title":"Transforme a Sala com Estilo: Living Room Interior Design","description":"Descubra como transformar sua sala com estilo usando t\u00e9cnicas de design de interiores. Veja dicas pr\u00e1ticas, passo a passo e ideias criativas","robots":{"index":"index","follow":"follow","max-snippet":"max-snippet:-1","max-image-preview":"max-image-preview:large","max-video-preview":"max-video-preview:-1"},"canonical":"https:\/\/artigosdiarios.com.br\/en\/transforme-a-sala-com-estilo-living-room-interior-design\/","og_locale":"en_US","og_type":"article","og_title":"Transforme a Sala com Estilo: Living Room Interior Design","og_description":"Descubra como transformar sua sala com estilo usando t\u00e9cnicas de design de interiores. Veja dicas pr\u00e1ticas, passo a passo e ideias criativas","og_url":"https:\/\/artigosdiarios.com.br\/en\/transforme-a-sala-com-estilo-living-room-interior-design\/","article_publisher":"https:\/\/www.facebook.com\/profile.php?id=61555179724450","article_published_time":"2025-06-21T14:48:37+00:00","article_modified_time":"2025-06-21T14:48:42+00:00","og_image":[{"width":1280,"height":720,"url":"https:\/\/artigosdiarios.com.br\/wp-content\/uploads\/2025\/06\/Design-sem-nome-47.jpg","type":"image\/jpeg"}],"author":"Emilio Vicente","twitter_card":"summary_large_image","twitter_creator":"@artigosdiarios","twitter_site":"@artigosdiarios","twitter_misc":{"Written by":"Emilio Vicente","Est. reading time":"6 minutes"},"schema":{"@context":"https:\/\/schema.org","@graph":[{"@type":"Article","@id":"https:\/\/artigosdiarios.com.br\/transforme-a-sala-com-estilo-living-room-interior-design\/#article","isPartOf":{"@id":"https:\/\/artigosdiarios.com.br\/transforme-a-sala-com-estilo-living-room-interior-design\/"},"author":{"name":"Emilio Vicente","@id":"https:\/\/artigosdiarios.com.br\/#\/schema\/person\/6d64d4d5d58d3da0894ff484b11e6164"},"headline":"Transforme a Sala com Estilo: Living Room Interior Design","datePublished":"2025-06-21T14:48:37+00:00","dateModified":"2025-06-21T14:48:42+00:00","mainEntityOfPage":{"@id":"https:\/\/artigosdiarios.com.br\/transforme-a-sala-com-estilo-living-room-interior-design\/"},"wordCount":1046,"commentCount":0,"publisher":{"@id":"https:\/\/artigosdiarios.com.br\/#organization"},"image":{"@id":"https:\/\/artigosdiarios.com.br\/transforme-a-sala-com-estilo-living-room-interior-design\/#primaryimage"},"thumbnailUrl":"https:\/\/i0.wp.com\/artigosdiarios.com.br\/wp-content\/uploads\/2025\/06\/Design-sem-nome-47.jpg?fit=1280%2C720&ssl=1","keywords":["Transforme a Sala com Estilo: Living Room Interior Design"],"articleSection":["Sob Medida"],"inLanguage":"en-US","potentialAction":[{"@type":"CommentAction","name":"Comment","target":["https:\/\/artigosdiarios.com.br\/transforme-a-sala-com-estilo-living-room-interior-design\/#respond"]}]},{"@type":"WebPage","@id":"https:\/\/artigosdiarios.com.br\/transforme-a-sala-com-estilo-living-room-interior-design\/","url":"https:\/\/artigosdiarios.com.br\/transforme-a-sala-com-estilo-living-room-interior-design\/","name":"Transforme a Sala com Estilo: Living Room Interior Design","isPartOf":{"@id":"https:\/\/artigosdiarios.com.br\/#website"},"primaryImageOfPage":{"@id":"https:\/\/artigosdiarios.com.br\/transforme-a-sala-com-estilo-living-room-interior-design\/#primaryimage"},"image":{"@id":"https:\/\/artigosdiarios.com.br\/transforme-a-sala-com-estilo-living-room-interior-design\/#primaryimage"},"thumbnailUrl":"https:\/\/i0.wp.com\/artigosdiarios.com.br\/wp-content\/uploads\/2025\/06\/Design-sem-nome-47.jpg?fit=1280%2C720&ssl=1","datePublished":"2025-06-21T14:48:37+00:00","dateModified":"2025-06-21T14:48:42+00:00","description":"Descubra como transformar sua sala com estilo usando t\u00e9cnicas de design de interiores. Veja dicas pr\u00e1ticas, passo a passo e ideias criativas","breadcrumb":{"@id":"https:\/\/artigosdiarios.com.br\/transforme-a-sala-com-estilo-living-room-interior-design\/#breadcrumb"},"inLanguage":"en-US","potentialAction":[{"@type":"ReadAction","target":["https:\/\/artigosdiarios.com.br\/transforme-a-sala-com-estilo-living-room-interior-design\/"]}]},{"@type":"ImageObject","inLanguage":"en-US","@id":"https:\/\/artigosdiarios.com.br\/transforme-a-sala-com-estilo-living-room-interior-design\/#primaryimage","url":"https:\/\/i0.wp.com\/artigosdiarios.com.br\/wp-content\/uploads\/2025\/06\/Design-sem-nome-47.jpg?fit=1280%2C720&ssl=1","contentUrl":"https:\/\/i0.wp.com\/artigosdiarios.com.br\/wp-content\/uploads\/2025\/06\/Design-sem-nome-47.jpg?fit=1280%2C720&ssl=1","width":1280,"height":720,"caption":"Transforme a Sala com Estilo: Living Room Interior Design"},{"@type":"BreadcrumbList","@id":"https:\/\/artigosdiarios.com.br\/transforme-a-sala-com-estilo-living-room-interior-design\/#breadcrumb","itemListElement":[{"@type":"ListItem","position":1,"name":"Artigos Di\u00e1rios","item":"https:\/\/artigosdiarios.com.br\/"},{"@type":"ListItem","position":2,"name":"Transforme a Sala com Estilo: Living Room Interior Design"}]},{"@type":"WebSite","@id":"https:\/\/artigosdiarios.com.br\/#website","url":"https:\/\/artigosdiarios.com.br\/","name":"ARTIGOS DI\u00c1RIOS","description":"","publisher":{"@id":"https:\/\/artigosdiarios.com.br\/#organization"},"potentialAction":[{"@type":"SearchAction","target":{"@type":"EntryPoint","urlTemplate":"https:\/\/artigosdiarios.com.br\/?s={search_term_string}"},"query-input":{"@type":"PropertyValueSpecification","valueRequired":true,"valueName":"search_term_string"}}],"inLanguage":"en-US"},{"@type":"Organization","@id":"https:\/\/artigosdiarios.com.br\/#organization","name":"ARTIGOS DI\u00c1RIOS","url":"https:\/\/artigosdiarios.com.br\/","logo":{"@type":"ImageObject","inLanguage":"en-US","@id":"https:\/\/artigosdiarios.com.br\/#\/schema\/logo\/image\/","url":"https:\/\/artigosdiarios.com.br\/wp-content\/uploads\/2025\/04\/LOGO-REDONDA-DO-ARTIGOS-DIARIOS-vermelho-9.png","contentUrl":"https:\/\/artigosdiarios.com.br\/wp-content\/uploads\/2025\/04\/LOGO-REDONDA-DO-ARTIGOS-DIARIOS-vermelho-9.png","width":500,"height":500,"caption":"ARTIGOS DI\u00c1RIOS"},"image":{"@id":"https:\/\/artigosdiarios.com.br\/#\/schema\/logo\/image\/"},"sameAs":["https:\/\/www.facebook.com\/profile.php?id=61555179724450","https:\/\/x.com\/artigosdiarios","https:\/\/www.instagram.com\/artigosdiarios27\/","https:\/\/br.pinterest.com\/artigosdiarios\/"]},{"@type":"Person","@id":"https:\/\/artigosdiarios.com.br\/#\/schema\/person\/6d64d4d5d58d3da0894ff484b11e6164","name":"Emilio Vicente","image":{"@type":"ImageObject","inLanguage":"en-US","@id":"https:\/\/artigosdiarios.com.br\/wp-content\/litespeed\/avatar\/43a8c136f579ec4c53a927c70bac9030.jpg?ver=1776711634","url":"https:\/\/artigosdiarios.com.br\/wp-content\/litespeed\/avatar\/43a8c136f579ec4c53a927c70bac9030.jpg?ver=1776711634","contentUrl":"https:\/\/artigosdiarios.com.br\/wp-content\/litespeed\/avatar\/43a8c136f579ec4c53a927c70bac9030.jpg?ver=1776711634","caption":"Emilio Vicente"},"description":"Emilio de Vicente \u00e9 o autor e respons\u00e1vel pelos conte\u00fados do site Artigos Di\u00e1rios, trazendo informa\u00e7\u00f5es atualizadas, an\u00e1lises profundas e artigos relevantes sobre diversos temas do cotidiano relacionados a moveis multifuncionais para decora\u00e7\u00e3o de pequenos apartamentos.","sameAs":["https:\/\/artigosdiarios.com.br"],"url":"https:\/\/artigosdiarios.com.br\/en\/author\/emilio-vicente\/"}]}},"jetpack_publicize_connections":[],"jetpack_featured_media_url":"https:\/\/i0.wp.com\/artigosdiarios.com.br\/wp-content\/uploads\/2025\/06\/Design-sem-nome-47.jpg?fit=1280%2C720&ssl=1","jetpack_sharing_enabled":true,"jetpack_likes_enabled":true,"jetpack-related-posts":[],"_links":{"self":[{"href":"https:\/\/artigosdiarios.com.br\/en\/wp-json\/wp\/v2\/posts\/1224","targetHints":{"allow":["GET"]}}],"collection":[{"href":"https:\/\/artigosdiarios.com.br\/en\/wp-json\/wp\/v2\/posts"}],"about":[{"href":"https:\/\/artigosdiarios.com.br\/en\/wp-json\/wp\/v2\/types\/post"}],"author":[{"embeddable":true,"href":"https:\/\/artigosdiarios.com.br\/en\/wp-json\/wp\/v2\/users\/1"}],"replies":[{"embeddable":true,"href":"https:\/\/artigosdiarios.com.br\/en\/wp-json\/wp\/v2\/comments?post=1224"}],"version-history":[{"count":1,"href":"https:\/\/artigosdiarios.com.br\/en\/wp-json\/wp\/v2\/posts\/1224\/revisions"}],"predecessor-version":[{"id":1227,"href":"https:\/\/artigosdiarios.com.br\/en\/wp-json\/wp\/v2\/posts\/1224\/revisions\/1227"}],"wp:featuredmedia":[{"embeddable":true,"href":"https:\/\/artigosdiarios.com.br\/en\/wp-json\/wp\/v2\/media\/1225"}],"wp:attachment":[{"href":"https:\/\/artigosdiarios.com.br\/en\/wp-json\/wp\/v2\/media?parent=1224"}],"wp:term":[{"taxonomy":"category","embeddable":true,"href":"https:\/\/artigosdiarios.com.br\/en\/wp-json\/wp\/v2\/categories?post=1224"},{"taxonomy":"post_tag","embeddable":true,"href":"https:\/\/artigosdiarios.com.br\/en\/wp-json\/wp\/v2\/tags?post=1224"}],"curies":[{"name":"wp","href":"https:\/\/api.w.org\/{rel}","templated":true}]}}